{"id":674242,"date":"2024-03-08T11:10:29","date_gmt":"2024-03-08T11:10:29","guid":{"rendered":"https:\/\/www.renovarpapeles.com\/tramites\/?p=674242"},"modified":"2024-03-08T11:05:35","modified_gmt":"2024-03-08T11:05:35","slug":"inem-jerez-de-la-frontera-sellar-carnet-paro","status":"publish","type":"post","link":"https:\/\/www.renovarpapeles.com\/tramites\/inem-jerez-de-la-frontera-sellar-carnet-paro\/","title":{"rendered":"INEM Jerez de la Frontera Sellar Carnet Paro"},"content":{"rendered":"<div id=\"ez-toc-container\" class=\"ez-toc-v2_0_81 counter-hierarchy ez-toc-counter ez-toc-custom ez-toc-container-direction\">\n<div class=\"ez-toc-title-container\">\n<p class=\"ez-toc-title\" style=\"cursor:inherit\">Contenidos<\/p>\n<span class=\"ez-toc-title-toggle\"><a href=\"#\" class=\"ez-toc-pull-right ez-toc-btn ez-toc-btn-xs ez-toc-btn-default ez-toc-toggle\" aria-label=\"Alternar tabla de contenidos\"><span class=\"ez-toc-js-icon-con\"><span class=\"\"><span class=\"eztoc-hide\" style=\"display:none;\">Toggle<\/span><span class=\"ez-toc-icon-toggle-span\"><svg style=\"fill: #333333;color:#333333\" xmlns=\"http:\/\/www.w3.org\/2000\/svg\" class=\"list-377408\" width=\"20px\" height=\"20px\" viewBox=\"0 0 24 24\" fill=\"none\"><path d=\"M6 6H4v2h2V6zm14 0H8v2h12V6zM4 11h2v2H4v-2zm16 0H8v2h12v-2zM4 16h2v2H4v-2zm16 0H8v2h12v-2z\" fill=\"currentColor\"><\/path><\/svg><svg style=\"fill: #333333;color:#333333\" class=\"arrow-unsorted-368013\" xmlns=\"http:\/\/www.w3.org\/2000\/svg\" width=\"10px\" height=\"10px\" viewBox=\"0 0 24 24\" version=\"1.2\" baseProfile=\"tiny\"><path d=\"M18.2 9.3l-6.2-6.3-6.2 6.3c-.2.2-.3.4-.3.7s.1.5.3.7c.2.2.4.3.7.3h11c.3 0 .5-.1.7-.3.2-.2.3-.5.3-.7s-.1-.5-.3-.7zM5.8 14.7l6.2 6.3 6.2-6.3c.2-.2.3-.5.3-.7s-.1-.5-.3-.7c-.2-.2-.4-.3-.7-.3h-11c-.3 0-.5.1-.7.3-.2.2-.3.5-.3.7s.1.5.3.7z\"\/><\/svg><\/span><\/span><\/span><\/a><\/span><\/div>\n<nav><ul class='ez-toc-list ez-toc-list-level-1 ' ><li class='ez-toc-page-1 ez-toc-heading-level-2'><a class=\"ez-toc-link ez-toc-heading-1\" href=\"https:\/\/www.renovarpapeles.com\/tramites\/inem-jerez-de-la-frontera-sellar-carnet-paro\/#INEM_Jerez_de_la_Frontera_Como_sellar_el_Carnet_de_Paro_en_linea\" >INEM Jerez de la Frontera: C\u00f3mo sellar el Carnet de Paro en l\u00ednea<\/a><ul class='ez-toc-list-level-3' ><li class='ez-toc-heading-level-3'><a class=\"ez-toc-link ez-toc-heading-2\" href=\"https:\/\/www.renovarpapeles.com\/tramites\/inem-jerez-de-la-frontera-sellar-carnet-paro\/#%C2%BFQue_necesitas_para_sellar_el_Carnet_de_Paro_en_linea_en_Jerez_de_la_Frontera\" >\u00bfQu\u00e9 necesitas para sellar el Carnet de Paro en l\u00ednea en Jerez de la Frontera?<\/a><\/li><li class='ez-toc-page-1 ez-toc-heading-level-3'><a class=\"ez-toc-link ez-toc-heading-3\" href=\"https:\/\/www.renovarpapeles.com\/tramites\/inem-jerez-de-la-frontera-sellar-carnet-paro\/#Pasos_para_sellar_el_Carnet_de_Paro_en_linea_en_Jerez_de_la_Frontera\" >Pasos para sellar el Carnet de Paro en l\u00ednea en Jerez de la Frontera<\/a><\/li><li class='ez-toc-page-1 ez-toc-heading-level-3'><a class=\"ez-toc-link ez-toc-heading-4\" href=\"https:\/\/www.renovarpapeles.com\/tramites\/inem-jerez-de-la-frontera-sellar-carnet-paro\/#Ventajas_de_sellar_el_Carnet_de_Paro_en_linea_en_Jerez_de_la_Frontera\" >Ventajas de sellar el Carnet de Paro en l\u00ednea en Jerez de la Frontera<\/a><\/li><li class='ez-toc-page-1 ez-toc-heading-level-3'><a class=\"ez-toc-link ez-toc-heading-5\" href=\"https:\/\/www.renovarpapeles.com\/tramites\/inem-jerez-de-la-frontera-sellar-carnet-paro\/#Conclusion\" >Conclusi\u00f3n<\/a><\/li><\/ul><\/li><\/ul><\/nav><\/div>\n<h2 align=\"center\"><span class=\"ez-toc-section\" id=\"INEM_Jerez_de_la_Frontera_Como_sellar_el_Carnet_de_Paro_en_linea\"><\/span>INEM Jerez de la Frontera: C\u00f3mo sellar el Carnet de Paro en l\u00ednea<span class=\"ez-toc-section-end\"><\/span><\/h2><!-- \/wp:post-content -->\n\n<!-- wp:paragraph --><p>Si vives en Jerez de la Frontera y est\u00e1s desempleado, es muy probable que hayas tenido que acudir al INEM (Instituto Nacional de Empleo) en alg\u00fan momento para solicitar el Carnet de Paro. Este documento es esencial para recibir tu prestaci\u00f3n por desempleo y poder buscar trabajo de forma legal. Sin embargo, a veces llevar a cabo el tr\u00e1mite de forma presencial puede ser complicado o inc\u00f3modo, especialmente si el INEM est\u00e1 lejos de tu lugar de residencia o tienes dificultades para desplazarte. Por suerte, cada vez son m\u00e1s las opciones que nos ofrecen los organismos p\u00fablicos para realizar ciertos tr\u00e1mites de forma online, entre ellos, el sellado del Carnet de Paro en Jerez de la Frontera.<\/p><!-- \/wp:paragraph -->\n\n<!-- wp:paragraph --><p>Sellar el Carnet de Paro es un proceso vital para los desempleados, ya que te permite mantener tus derechos y obligaciones como beneficiario de la prestaci\u00f3n por desempleo. Adem\u00e1s, es importante destacar que no sellar el Carnet de Paro en el plazo establecido puede conllevar sanciones e incluso la p\u00e9rdida de la prestaci\u00f3n. Por eso, es esencial estar al d\u00eda con este tr\u00e1mite y realizarlo correctamente.<\/p><!-- \/wp:paragraph -->\n\n<h3 align=\"center\"><span class=\"ez-toc-section\" id=\"%C2%BFQue_necesitas_para_sellar_el_Carnet_de_Paro_en_linea_en_Jerez_de_la_Frontera\"><\/span>\u00bfQu\u00e9 necesitas para sellar el Carnet de Paro en l\u00ednea en Jerez de la Frontera?<span class=\"ez-toc-section-end\"><\/span><\/h3>\n\n<!-- wp:paragraph --><p>Antes de adentrarnos en el proceso en s\u00ed, es importante saber qu\u00e9 requisitos se necesitan para poder sellar el Carnet de Paro en l\u00ednea en Jerez de la Frontera. En primer lugar, deber\u00e1s tener tu Carnet de Paro en vigor, ya sea f\u00edsicamente o en formato digital. Tambi\u00e9n es necesario que dispongas de tu n\u00famero de identificaci\u00f3n personal (NIP), que lo puedes solicitar en cualquier oficina del INEM.<\/p><!-- \/wp:paragraph -->\n\n<!-- wp:paragraph --><p>Adem\u00e1s, es recomendable tener a mano tu DNI\/NIE, tu tel\u00e9fono m\u00f3vil y una direcci\u00f3n de correo electr\u00f3nico. Estos datos ser\u00e1n necesarios para completar el proceso de sellado en l\u00ednea. Por \u00faltimo, para poder acceder al sistema de sellado en l\u00ednea del INEM en Jerez de la Frontera, deber\u00e1s tener una conexi\u00f3n a internet estable.<\/p><!-- \/wp:paragraph -->\n\n<h3 align=\"center\"><span class=\"ez-toc-section\" id=\"Pasos_para_sellar_el_Carnet_de_Paro_en_linea_en_Jerez_de_la_Frontera\"><\/span>Pasos para sellar el Carnet de Paro en l\u00ednea en Jerez de la Frontera<span class=\"ez-toc-section-end\"><\/span><\/h3>\n\n<!-- wp:paragraph --><p>Una vez que cumplas con todos los requisitos mencionados anteriormente, el proceso de sellado del Carnet de Paro es sencillo y r\u00e1pido. Sigue estos pasos para realizarlo en l\u00ednea en Jerez de la Frontera:<\/p><!-- \/wp:paragraph -->\n\n<!-- wp:paragraph --><p>1. Accede a la p\u00e1gina web del SEPE (Servicio P\u00fablico de Empleo Estatal) Jerez de la Frontera. Esta es la p\u00e1gina oficial del INEM en esta ciudad y en ella podr\u00e1s realizar todos los tr\u00e1mites relacionados con el empleo y el desempleo.<\/p><!-- \/wp:paragraph -->\n\n<!-- wp:paragraph --><p>2. Una vez en la p\u00e1gina principal, busca y haz clic en la secci\u00f3n \u00abServicios y tr\u00e1mites en l\u00ednea\u00bb. Esta se encuentra en la parte superior de la p\u00e1gina y te llevar\u00e1 a una lista de tr\u00e1mites disponibles para realizar en l\u00ednea.<\/p><!-- \/wp:paragraph -->\n\n<!-- wp:paragraph --><p>3. En la lista de tr\u00e1mites, busca y selecciona \u00abSellar o renovar la demanda de empleo\u00bb. Esto te llevar\u00e1 a una nueva p\u00e1gina donde podr\u00e1s acceder al sistema de sellado en l\u00ednea del Carnet de Paro.<\/p><!-- \/wp:paragraph -->\n\n<!-- wp:paragraph --><p>4. A continuaci\u00f3n, deber\u00e1s introducir tus datos de acceso: tu NIP y tu DNI\/NIE. Si es la primera vez que utilizas el sistema en l\u00ednea, deber\u00e1s registrarte y crear una contrase\u00f1a.<\/p><!-- \/wp:paragraph -->\n\n<!-- wp:paragraph --><p>5. Una vez dentro del sistema de sellado en l\u00ednea, sigue las instrucciones que se te van indicando para completar el proceso. Primero deber\u00e1s actualizar tus datos personales, como direcci\u00f3n, tel\u00e9fono, correo electr\u00f3nico, etc. Luego, deber\u00e1s confirmar tu disponibilidad para trabajar y agregar la informaci\u00f3n de los cursos o acciones formativas en los que est\u00e9s inscrito, si es el caso.<\/p><!-- \/wp:paragraph -->\n\n<!-- wp:paragraph --><p>6. Finalmente, encontrar\u00e1s una pantalla que te permitir\u00e1 seleccionar el d\u00eda y la hora en la que deseas sellar tu Carnet de Paro en l\u00ednea. Selecciona la opci\u00f3n que mejor se ajuste a tus necesidades y confirma la cita. \u00a1Listo! Ahora solo queda esperar al d\u00eda y a la hora seleccionada para confirmar el sellado de tu Carnet de Paro en l\u00ednea.<\/p><!-- \/wp:paragraph -->\n\n<h3 align=\"center\"><span class=\"ez-toc-section\" id=\"Ventajas_de_sellar_el_Carnet_de_Paro_en_linea_en_Jerez_de_la_Frontera\"><\/span>Ventajas de sellar el Carnet de Paro en l\u00ednea en Jerez de la Frontera<span class=\"ez-toc-section-end\"><\/span><\/h3>\n\n<!-- wp:paragraph --><p>Como puedes ver, el proceso de sellado del Carnet de Paro en l\u00ednea en Jerez de la Frontera es muy sencillo y r\u00e1pido. Pero, adem\u00e1s de la comodidad que supone poder realizar este tr\u00e1mite desde la comodidad de tu hogar, existen otras ventajas que debes tener en cuenta:<\/p><!-- \/wp:paragraph -->\n\n<!-- wp:paragraph --><p>1. Evitas las colas y las esperas en la oficina del INEM. Al realizar el proceso en l\u00ednea, no tendr\u00e1s que desplazarte hasta la oficina en un d\u00eda y hora espec\u00edficos para sellar tu Carnet de Paro, lo que te permite tener m\u00e1s tiempo libre y ahorrar en desplazamientos.<\/p><!-- \/wp:paragraph -->\n\n<!-- wp:paragraph --><p>2. Puedes acceder al sistema en cualquier momento y lugar. Gracias a la conexi\u00f3n a internet, puedes acceder al sistema de sellado en l\u00ednea desde tu tel\u00e9fono m\u00f3vil, tablet o computadora, en cualquier momento y lugar, siempre y cuando tengas una conexi\u00f3n estable.<\/p><!-- \/wp:paragraph -->\n\n<!-- wp:paragraph --><p>3. Agilizas el proceso. Al no tener que presentarte f\u00edsicamente en la oficina del INEM, el tr\u00e1mite de sellado se realiza en l\u00ednea sin interrupciones ni demoras. Esto te permite tener tu Carnet de Paro sellado al d\u00eda y continuar con tu b\u00fasqueda de empleo sin tener que esperar en colas o citas.<\/p><!-- \/wp:paragraph -->\n\n<!-- wp:paragraph --><p>En resumen, sellar el Carnet de Paro en l\u00ednea en Jerez de la Frontera es una excelente opci\u00f3n para aquellos que buscan comodidad y agilidad en sus tr\u00e1mites con el INEM. No dudes en aprovechar esta opci\u00f3n y mant\u00e9n tu Carnet de Paro sellado al d\u00eda para seguir percibiendo tu prestaci\u00f3n por desempleo y cumplir con tus obligaciones como demandante de empleo.<\/p><!-- \/wp:paragraph -->\n\n<h3 align=\"center\"><span class=\"ez-toc-section\" id=\"Conclusion\"><\/span>Conclusi\u00f3n<span class=\"ez-toc-section-end\"><\/span><\/h3>\n\n<!-- wp:paragraph --><p>En conclusi\u00f3n, el sellado del Carnet de Paro en l\u00ednea en Jerez de la Frontera es una opci\u00f3n muy conveniente para los desempleados que residen en esta ciudad. Gracias a la tecnolog\u00eda, podemos realizar este tr\u00e1mite de forma r\u00e1pida, sencilla y sin tener que desplazarnos a la oficina del INEM. No obstante, es importante recordar que este tr\u00e1mite debe realizarse en el plazo establecido para evitar posibles sanciones. As\u00ed que no esperes m\u00e1s, accede al sistema en l\u00ednea y mant\u00e9n tu Carnet de Paro sellado al d\u00eda para seguir disfrutando de tu prestaci\u00f3n por desempleo.","protected":false},"excerpt":{"rendered":"<p>INEM Jerez de la Frontera: C\u00f3mo sellar el Carnet de Paro en l\u00ednea Si vives en Jerez de la&#8230;<\/p>\n","protected":false},"author":1,"featured_media":0,"comment_status":"open","ping_status":"closed","sticky":false,"template":"","format":"standard","meta":{"_uag_custom_page_level_css":"","_kadence_starter_templates_imported_post":false,"_kad_post_transparent":"","_kad_post_title":"","_kad_post_layout":"","_kad_post_sidebar_id":"","_kad_post_content_style":"","_kad_post_vertical_padding":"","_kad_post_feature":"","_kad_post_feature_position":"","_kad_post_header":false,"_kad_post_footer":false,"footnotes":""},"categories":[3],"tags":[],"class_list":["post-674242","post","type-post","status-publish","format-standard","hentry","category-tramites"],"uagb_featured_image_src":{"full":false,"thumbnail":false,"medium":false,"medium_large":false,"large":false,"1536x1536":false,"2048x2048":false},"uagb_author_info":{"display_name":"Renovar Papeles","author_link":"https:\/\/www.renovarpapeles.com\/tramites\/author\/admin\/"},"uagb_comment_info":0,"uagb_excerpt":"INEM Jerez de la Frontera: C\u00f3mo sellar el Carnet de Paro en l\u00ednea Si vives en Jerez de la...","_links":{"self":[{"href":"https:\/\/www.renovarpapeles.com\/tramites\/wp-json\/wp\/v2\/posts\/674242","targetHints":{"allow":["GET"]}}],"collection":[{"href":"https:\/\/www.renovarpapeles.com\/tramites\/wp-json\/wp\/v2\/posts"}],"about":[{"href":"https:\/\/www.renovarpapeles.com\/tramites\/wp-json\/wp\/v2\/types\/post"}],"author":[{"embeddable":true,"href":"https:\/\/www.renovarpapeles.com\/tramites\/wp-json\/wp\/v2\/users\/1"}],"replies":[{"embeddable":true,"href":"https:\/\/www.renovarpapeles.com\/tramites\/wp-json\/wp\/v2\/comments?post=674242"}],"version-history":[{"count":0,"href":"https:\/\/www.renovarpapeles.com\/tramites\/wp-json\/wp\/v2\/posts\/674242\/revisions"}],"wp:attachment":[{"href":"https:\/\/www.renovarpapeles.com\/tramites\/wp-json\/wp\/v2\/media?parent=674242"}],"wp:term":[{"taxonomy":"category","embeddable":true,"href":"https:\/\/www.renovarpapeles.com\/tramites\/wp-json\/wp\/v2\/categories?post=674242"},{"taxonomy":"post_tag","embeddable":true,"href":"https:\/\/www.renovarpapeles.com\/tramites\/wp-json\/wp\/v2\/tags?post=674242"}],"curies":[{"name":"wp","href":"https:\/\/api.w.org\/{rel}","templated":true}]}}