{"id":469555,"date":"2024-05-07T03:08:26","date_gmt":"2024-05-07T03:08:26","guid":{"rendered":"https:\/\/www.renovarpapeles.com\/tramites\/?p=469555"},"modified":"2024-05-07T03:05:39","modified_gmt":"2024-05-07T03:05:39","slug":"cita-previa-servef-vall-duixo-telefono","status":"publish","type":"post","link":"https:\/\/www.renovarpapeles.com\/tramites\/cita-previa-servef-vall-duixo-telefono\/","title":{"rendered":"Cita Previa Servef Vall D\u00a8uix\u00f3 Tel\u00e9fono"},"content":{"rendered":"<div id=\"ez-toc-container\" class=\"ez-toc-v2_0_81 counter-hierarchy ez-toc-counter ez-toc-custom ez-toc-container-direction\">\n<div class=\"ez-toc-title-container\">\n<p class=\"ez-toc-title\" style=\"cursor:inherit\">Contenidos<\/p>\n<span class=\"ez-toc-title-toggle\"><a href=\"#\" class=\"ez-toc-pull-right ez-toc-btn ez-toc-btn-xs ez-toc-btn-default ez-toc-toggle\" aria-label=\"Alternar tabla de contenidos\"><span class=\"ez-toc-js-icon-con\"><span class=\"\"><span class=\"eztoc-hide\" style=\"display:none;\">Toggle<\/span><span class=\"ez-toc-icon-toggle-span\"><svg style=\"fill: #333333;color:#333333\" xmlns=\"http:\/\/www.w3.org\/2000\/svg\" class=\"list-377408\" width=\"20px\" height=\"20px\" viewBox=\"0 0 24 24\" fill=\"none\"><path d=\"M6 6H4v2h2V6zm14 0H8v2h12V6zM4 11h2v2H4v-2zm16 0H8v2h12v-2zM4 16h2v2H4v-2zm16 0H8v2h12v-2z\" fill=\"currentColor\"><\/path><\/svg><svg style=\"fill: #333333;color:#333333\" class=\"arrow-unsorted-368013\" xmlns=\"http:\/\/www.w3.org\/2000\/svg\" width=\"10px\" height=\"10px\" viewBox=\"0 0 24 24\" version=\"1.2\" baseProfile=\"tiny\"><path d=\"M18.2 9.3l-6.2-6.3-6.2 6.3c-.2.2-.3.4-.3.7s.1.5.3.7c.2.2.4.3.7.3h11c.3 0 .5-.1.7-.3.2-.2.3-.5.3-.7s-.1-.5-.3-.7zM5.8 14.7l6.2 6.3 6.2-6.3c.2-.2.3-.5.3-.7s-.1-.5-.3-.7c-.2-.2-.4-.3-.7-.3h-11c-.3 0-.5.1-.7.3-.2.2-.3.5-.3.7s.1.5.3.7z\"\/><\/svg><\/span><\/span><\/span><\/a><\/span><\/div>\n<nav><ul class='ez-toc-list ez-toc-list-level-1 ' ><li class='ez-toc-page-1 ez-toc-heading-level-2'><a class=\"ez-toc-link ez-toc-heading-1\" href=\"https:\/\/www.renovarpapeles.com\/tramites\/cita-previa-servef-vall-duixo-telefono\/#Cita_Previa_en_Servef_Vall_DUixo_Todo_lo_que_Necesitas_Saber\" >Cita Previa en Servef Vall D&#8217;Uix\u00f3: Todo lo que Necesitas Saber<\/a><\/li><li class='ez-toc-page-1 ez-toc-heading-level-2'><a class=\"ez-toc-link ez-toc-heading-2\" href=\"https:\/\/www.renovarpapeles.com\/tramites\/cita-previa-servef-vall-duixo-telefono\/#%C2%BFQue_es_el_Servef\" >\u00bfQu\u00e9 es el Servef?<\/a><\/li><li class='ez-toc-page-1 ez-toc-heading-level-2'><a class=\"ez-toc-link ez-toc-heading-3\" href=\"https:\/\/www.renovarpapeles.com\/tramites\/cita-previa-servef-vall-duixo-telefono\/#%C2%BFPor_que_necesito_una_cita_previa\" >\u00bfPor qu\u00e9 necesito una cita previa?<\/a><\/li><li class='ez-toc-page-1 ez-toc-heading-level-2'><a class=\"ez-toc-link ez-toc-heading-4\" href=\"https:\/\/www.renovarpapeles.com\/tramites\/cita-previa-servef-vall-duixo-telefono\/#%C2%BFComo_solicitar_una_cita_previa_en_el_Servef_de_Vall_DUixo\" >\u00bfC\u00f3mo solicitar una cita previa en el Servef de Vall D&#8217;Uix\u00f3?<\/a><ul class='ez-toc-list-level-3' ><li class='ez-toc-heading-level-3'><a class=\"ez-toc-link ez-toc-heading-5\" href=\"https:\/\/www.renovarpapeles.com\/tramites\/cita-previa-servef-vall-duixo-telefono\/#1_Telefono\" >1. Tel\u00e9fono:<\/a><\/li><li class='ez-toc-page-1 ez-toc-heading-level-3'><a class=\"ez-toc-link ez-toc-heading-6\" href=\"https:\/\/www.renovarpapeles.com\/tramites\/cita-previa-servef-vall-duixo-telefono\/#2_Oficina_Virtual\" >2. Oficina Virtual:<\/a><\/li><li class='ez-toc-page-1 ez-toc-heading-level-3'><a class=\"ez-toc-link ez-toc-heading-7\" href=\"https:\/\/www.renovarpapeles.com\/tramites\/cita-previa-servef-vall-duixo-telefono\/#3_Oficina_de_Empleo\" >3. Oficina de Empleo:<\/a><\/li><li class='ez-toc-page-1 ez-toc-heading-level-3'><a class=\"ez-toc-link ez-toc-heading-8\" href=\"https:\/\/www.renovarpapeles.com\/tramites\/cita-previa-servef-vall-duixo-telefono\/#4_Aplicacion_movil\" >4. Aplicaci\u00f3n m\u00f3vil:<\/a><\/li><\/ul><\/li><li class='ez-toc-page-1 ez-toc-heading-level-2'><a class=\"ez-toc-link ez-toc-heading-9\" href=\"https:\/\/www.renovarpapeles.com\/tramites\/cita-previa-servef-vall-duixo-telefono\/#%C2%BFQue_tramites_puedo_realizar_con_una_cita_previa_en_el_Servef_de_Vall_DUixo\" >\u00bfQu\u00e9 tr\u00e1mites puedo realizar con una cita previa en el Servef de Vall D&#8217;Uix\u00f3?<\/a><\/li><li class='ez-toc-page-1 ez-toc-heading-level-2'><a class=\"ez-toc-link ez-toc-heading-10\" href=\"https:\/\/www.renovarpapeles.com\/tramites\/cita-previa-servef-vall-duixo-telefono\/#Consejos_para_tu_cita_previa_en_el_Servef\" >Consejos para tu cita previa en el Servef<\/a><\/li><li class='ez-toc-page-1 ez-toc-heading-level-2'><a class=\"ez-toc-link ez-toc-heading-11\" href=\"https:\/\/www.renovarpapeles.com\/tramites\/cita-previa-servef-vall-duixo-telefono\/#En_conclusion\" >En conclusi\u00f3n<\/a><\/li><\/ul><\/nav><\/div>\n<h2><span class=\"ez-toc-section\" id=\"Cita_Previa_en_Servef_Vall_DUixo_Todo_lo_que_Necesitas_Saber\"><\/span> Cita Previa en Servef Vall D&#8217;Uix\u00f3: Todo lo que Necesitas Saber <span class=\"ez-toc-section-end\"><\/span><\/h2>\n\n<p>Si resides en Vall D&#8217;Uix\u00f3 y necesitas tramitar alg\u00fan servicio o prestaci\u00f3n en el Servef, seguramente te hayas preguntado c\u00f3mo obtener una cita previa. En estos tiempos de pandemia, la mayor\u00eda de los tr\u00e1mites se han vuelto m\u00e1s restrictivos y requieren de agendamiento previo. Pero no te preocupes, en este art\u00edculo te explicaremos paso a paso c\u00f3mo conseguir tu cita previa en el Servef de Vall D&#8217;Uix\u00f3, incluyendo el tel\u00e9fono para agendarla.<\/p>\n\n<h2 class=\"wp-block-heading\"><span class=\"ez-toc-section\" id=\"%C2%BFQue_es_el_Servef\"><\/span> \u00bfQu\u00e9 es el Servef? <span class=\"ez-toc-section-end\"><\/span><\/h2>\n\n<p>Antes de entrar en detalle con la cita previa, es importante conocer qu\u00e9 es el Servef y qu\u00e9 funciones cumple. El Servef (Servicio Valenciano de Empleo y Formaci\u00f3n) es el organismo encargado de gestionar el empleo y la formaci\u00f3n en la Comunidad Valenciana. Su principal objetivo es fomentar el empleo y apoyar a las personas desempleadas en la b\u00fasqueda de trabajo.<\/p>\n\n<p>Entre las funciones del Servef se encuentran la intermediaci\u00f3n laboral, el asesoramiento para la creaci\u00f3n de empresas, la formaci\u00f3n para el empleo y la prestaci\u00f3n por desempleo. Por lo tanto, si est\u00e1s buscando trabajo, necesitas realizar alg\u00fan tr\u00e1mite relacionado con el empleo o est\u00e1s en situaci\u00f3n de desempleo, seguro que en alg\u00fan momento necesitar\u00e1s acudir al Servef.<\/p>\n\n<h2 class=\"wp-block-heading\"><span class=\"ez-toc-section\" id=\"%C2%BFPor_que_necesito_una_cita_previa\"><\/span> \u00bfPor qu\u00e9 necesito una cita previa? <span class=\"ez-toc-section-end\"><\/span><\/h2>\n\n<p>En la actualidad, debido a la pandemia del COVID-19, el Servef ha implementado medidas para garantizar la seguridad sanitaria de sus usuarios y trabajadores. Una de estas medidas es la cita previa, que permite controlar el aforo y evitar aglomeraciones en las oficinas del Servef.<\/p>\n\n<p>Adem\u00e1s, con la cita previa se puede planificar mejor el tiempo de espera y agilizar el proceso de atenci\u00f3n. De esta manera, se optimizan los recursos y se brinda un mejor servicio a los usuarios.<\/p>\n\n<h2 class=\"wp-block-heading\"><span class=\"ez-toc-section\" id=\"%C2%BFComo_solicitar_una_cita_previa_en_el_Servef_de_Vall_DUixo\"><\/span> \u00bfC\u00f3mo solicitar una cita previa en el Servef de Vall D&#8217;Uix\u00f3? <span class=\"ez-toc-section-end\"><\/span><\/h2>\n\n<p>Existen diferentes formas de obtener una cita previa en el Servef de Vall D&#8217;Uix\u00f3. A continuaci\u00f3n, detallamos cada una de ellas:<\/p>\n\n<h3><span class=\"ez-toc-section\" id=\"1_Telefono\"><\/span> 1. Tel\u00e9fono: <span class=\"ez-toc-section-end\"><\/span><\/h3>\n\n<p>La forma m\u00e1s r\u00e1pida y sencilla de obtener una cita previa en el Servef de Vall D&#8217;Uix\u00f3 es a trav\u00e9s del tel\u00e9fono de cita previa que ha habilitado el organismo: <strong> 012 <\/strong>. Este tel\u00e9fono est\u00e1 disponible de lunes a viernes, de 9:00 a 21:00 horas, y los s\u00e1bados de 9:00 a 14:00 horas. La llamada es gratuita y puede realizarse desde cualquier tel\u00e9fono fijo o m\u00f3vil.<\/p>\n\n<h3><span class=\"ez-toc-section\" id=\"2_Oficina_Virtual\"><\/span> 2. Oficina Virtual: <span class=\"ez-toc-section-end\"><\/span><\/h3>\n\n<p>Otra opci\u00f3n para solicitar tu cita previa es a trav\u00e9s de la <a href=\"\">Oficina Virtual del Servef <\/a>. Para acceder a ella, es necesario disponer de un certificado digital o DNI electr\u00f3nico, que garantice la identidad del usuario. Una vez dentro, deber\u00e1s seleccionar la opci\u00f3n de \u00abObtener cita previa\u00bb y seguir los pasos indicados.<\/p>\n\n<h3><span class=\"ez-toc-section\" id=\"3_Oficina_de_Empleo\"><\/span> 3. Oficina de Empleo: <span class=\"ez-toc-section-end\"><\/span><\/h3>\n\n<p>Si prefieres acudir en persona a la oficina de empleo del Servef de Vall D&#8217;Uix\u00f3, tambi\u00e9n puedes solicitar tu cita previa all\u00ed. Para ello, deber\u00e1s dirigirte a la oficina durante su horario de atenci\u00f3n al p\u00fablico y solicitarla en el mostrador de informaci\u00f3n.<\/p>\n\n<h3><span class=\"ez-toc-section\" id=\"4_Aplicacion_movil\"><\/span> 4. Aplicaci\u00f3n m\u00f3vil: <span class=\"ez-toc-section-end\"><\/span><\/h3>\n\n<p>Recientemente, el Servef ha lanzado una aplicaci\u00f3n m\u00f3vil que permite a los usuarios solicitar su cita previa desde su smartphone. La aplicaci\u00f3n es gratuita y est\u00e1 disponible tanto para dispositivos Android como iOS. Una vez descargada, solo tienes que ingresar tus datos y seguir las instrucciones para obtener tu cita previa.<\/p>\n\n<h2 class=\"wp-block-heading\"><span class=\"ez-toc-section\" id=\"%C2%BFQue_tramites_puedo_realizar_con_una_cita_previa_en_el_Servef_de_Vall_DUixo\"><\/span> \u00bfQu\u00e9 tr\u00e1mites puedo realizar con una cita previa en el Servef de Vall D&#8217;Uix\u00f3? <span class=\"ez-toc-section-end\"><\/span><\/h2>\n\n<p>Mediante la cita previa, puedes realizar una gran variedad de tr\u00e1mites y gestiones en el Servef de Vall D&#8217;Uix\u00f3. Entre ellos se encuentran:<\/p>\n\n<ul>\n <li>Solicitud de prestaciones por desempleo.<\/li>\n <li>Renovaci\u00f3n de la demanda de empleo.<\/li>\n <li>Inscripci\u00f3n como demandante de empleo.<\/li>\n <li>Asesoramiento laboral.<\/li>\n <li>Informaci\u00f3n sobre cursos de formaci\u00f3n.<\/li>\n <li>Asesoramiento para la creaci\u00f3n de empresas.<\/li>\n <li>Acceso a recursos y programas de empleo.<\/li>\n<\/ul>\n\n<p>Adem\u00e1s, tambi\u00e9n puedes acudir a tu cita previa si necesitas resolver dudas o consultas relacionadas con el empleo y la formaci\u00f3n. Los profesionales del Servef estar\u00e1n encantados de ayudarte en lo que necesites.<\/p>\n\n<h2 class=\"wp-block-heading\"><span class=\"ez-toc-section\" id=\"Consejos_para_tu_cita_previa_en_el_Servef\"><\/span> Consejos para tu cita previa en el Servef <span class=\"ez-toc-section-end\"><\/span><\/h2>\n\n<p>Antes de finalizar, queremos darte algunos consejos para que tu cita previa en el Servef de Vall D&#8217;Uix\u00f3 sea lo m\u00e1s eficiente y productiva posible:<\/p>\n\n<ul>\n <li>Procura llegar a tiempo a tu cita, ya que si llegas tarde pueden cancelarla y tendr\u00e1s que solicitar una nueva.<\/li>\n <li>Lleva contigo toda la documentaci\u00f3n necesaria para realizar el tr\u00e1mite o gesti\u00f3n que necesitas.<\/li>\n <li>Si no puedes acudir a tu cita, recuerda cancelarla con antelaci\u00f3n para que otra persona pueda utilizar ese horario.<\/li>\n <li>En caso de necesitar asesoramiento laboral, lleva preparadas tus preguntas y dudas para aprovechar al m\u00e1ximo el tiempo de atenci\u00f3n.<\/li>\n<\/ul>\n\n<h2 class=\"wp-block-heading\"><span class=\"ez-toc-section\" id=\"En_conclusion\"><\/span> En conclusi\u00f3n <span class=\"ez-toc-section-end\"><\/span><\/h2>\n\n<p>En definitiva, conseguir una cita previa en el Servef de Vall D&#8217;Uix\u00f3 es sencillo y te permite acceder a diferentes servicios y prestaciones relacionados con el empleo y la formaci\u00f3n. Recuerda que puedes solicitarla a trav\u00e9s del tel\u00e9fono de cita previa, la Oficina Virtual, la oficina de empleo o la aplicaci\u00f3n m\u00f3vil. As\u00ed que no esperes m\u00e1s, agenda tu cita y aprovecha al m\u00e1ximo los recursos que te ofrece el Servef para mejorar tu situaci\u00f3n laboral. \u00a1Buena suerte!<\/p>","protected":false},"excerpt":{"rendered":"<p>Cita Previa en Servef Vall D&#8217;Uix\u00f3: Todo lo que Necesitas Saber Si resides en Vall D&#8217;Uix\u00f3 y necesitas tramitar&#8230;<\/p>\n","protected":false},"author":1,"featured_media":0,"comment_status":"open","ping_status":"closed","sticky":false,"template":"","format":"standard","meta":{"_uag_custom_page_level_css":"","_kadence_starter_templates_imported_post":false,"_kad_post_transparent":"","_kad_post_title":"","_kad_post_layout":"","_kad_post_sidebar_id":"","_kad_post_content_style":"","_kad_post_vertical_padding":"","_kad_post_feature":"","_kad_post_feature_position":"","_kad_post_header":false,"_kad_post_footer":false,"footnotes":""},"categories":[7],"tags":[],"class_list":["post-469555","post","type-post","status-publish","format-standard","hentry","category-pedir-cita"],"uagb_featured_image_src":{"full":false,"thumbnail":false,"medium":false,"medium_large":false,"large":false,"1536x1536":false,"2048x2048":false},"uagb_author_info":{"display_name":"Renovar Papeles","author_link":"https:\/\/www.renovarpapeles.com\/tramites\/author\/admin\/"},"uagb_comment_info":1,"uagb_excerpt":"Cita Previa en Servef Vall D&#8217;Uix\u00f3: Todo lo que Necesitas Saber Si resides en Vall D&#8217;Uix\u00f3 y necesitas tramitar...","_links":{"self":[{"href":"https:\/\/www.renovarpapeles.com\/tramites\/wp-json\/wp\/v2\/posts\/469555","targetHints":{"allow":["GET"]}}],"collection":[{"href":"https:\/\/www.renovarpapeles.com\/tramites\/wp-json\/wp\/v2\/posts"}],"about":[{"href":"https:\/\/www.renovarpapeles.com\/tramites\/wp-json\/wp\/v2\/types\/post"}],"author":[{"embeddable":true,"href":"https:\/\/www.renovarpapeles.com\/tramites\/wp-json\/wp\/v2\/users\/1"}],"replies":[{"embeddable":true,"href":"https:\/\/www.renovarpapeles.com\/tramites\/wp-json\/wp\/v2\/comments?post=469555"}],"version-history":[{"count":0,"href":"https:\/\/www.renovarpapeles.com\/tramites\/wp-json\/wp\/v2\/posts\/469555\/revisions"}],"wp:attachment":[{"href":"https:\/\/www.renovarpapeles.com\/tramites\/wp-json\/wp\/v2\/media?parent=469555"}],"wp:term":[{"taxonomy":"category","embeddable":true,"href":"https:\/\/www.renovarpapeles.com\/tramites\/wp-json\/wp\/v2\/categories?post=469555"},{"taxonomy":"post_tag","embeddable":true,"href":"https:\/\/www.renovarpapeles.com\/tramites\/wp-json\/wp\/v2\/tags?post=469555"}],"curies":[{"name":"wp","href":"https:\/\/api.w.org\/{rel}","templated":true}]}}