{"id":455652,"date":"2024-04-11T04:30:15","date_gmt":"2024-04-11T04:30:15","guid":{"rendered":"https:\/\/www.renovarpapeles.com\/tramites\/?p=455652"},"modified":"2024-04-11T04:26:53","modified_gmt":"2024-04-11T04:26:53","slug":"cuando-me-toca-sellar-el-paro","status":"publish","type":"post","link":"https:\/\/www.renovarpapeles.com\/tramites\/cuando-me-toca-sellar-el-paro\/","title":{"rendered":"Cuando Me Toca Sellar el Paro"},"content":{"rendered":"<div id=\"ez-toc-container\" class=\"ez-toc-v2_0_81 counter-hierarchy ez-toc-counter ez-toc-custom ez-toc-container-direction\">\n<div class=\"ez-toc-title-container\">\n<p class=\"ez-toc-title\" style=\"cursor:inherit\">Contenidos<\/p>\n<span class=\"ez-toc-title-toggle\"><a href=\"#\" class=\"ez-toc-pull-right ez-toc-btn ez-toc-btn-xs ez-toc-btn-default ez-toc-toggle\" aria-label=\"Alternar tabla de contenidos\"><span class=\"ez-toc-js-icon-con\"><span class=\"\"><span class=\"eztoc-hide\" style=\"display:none;\">Toggle<\/span><span class=\"ez-toc-icon-toggle-span\"><svg style=\"fill: #333333;color:#333333\" xmlns=\"http:\/\/www.w3.org\/2000\/svg\" class=\"list-377408\" width=\"20px\" height=\"20px\" viewBox=\"0 0 24 24\" fill=\"none\"><path d=\"M6 6H4v2h2V6zm14 0H8v2h12V6zM4 11h2v2H4v-2zm16 0H8v2h12v-2zM4 16h2v2H4v-2zm16 0H8v2h12v-2z\" fill=\"currentColor\"><\/path><\/svg><svg style=\"fill: #333333;color:#333333\" class=\"arrow-unsorted-368013\" xmlns=\"http:\/\/www.w3.org\/2000\/svg\" width=\"10px\" height=\"10px\" viewBox=\"0 0 24 24\" version=\"1.2\" baseProfile=\"tiny\"><path d=\"M18.2 9.3l-6.2-6.3-6.2 6.3c-.2.2-.3.4-.3.7s.1.5.3.7c.2.2.4.3.7.3h11c.3 0 .5-.1.7-.3.2-.2.3-.5.3-.7s-.1-.5-.3-.7zM5.8 14.7l6.2 6.3 6.2-6.3c.2-.2.3-.5.3-.7s-.1-.5-.3-.7c-.2-.2-.4-.3-.7-.3h-11c-.3 0-.5.1-.7.3-.2.2-.3.5-.3.7s.1.5.3.7z\"\/><\/svg><\/span><\/span><\/span><\/a><\/span><\/div>\n<nav><ul class='ez-toc-list ez-toc-list-level-1 ' ><li class='ez-toc-page-1 ez-toc-heading-level-2'><a class=\"ez-toc-link ez-toc-heading-1\" href=\"https:\/\/www.renovarpapeles.com\/tramites\/cuando-me-toca-sellar-el-paro\/#Cuando_Me_Toca_Sellar_el_Paro_Todo_lo_que_Necesitas_Saber\" >Cu\u00e1ndo Me Toca Sellar el Paro: Todo lo que Necesitas Saber<\/a><\/li><li class='ez-toc-page-1 ez-toc-heading-level-2'><a class=\"ez-toc-link ez-toc-heading-2\" href=\"https:\/\/www.renovarpapeles.com\/tramites\/cuando-me-toca-sellar-el-paro\/#%C2%BFQue_es_Sellar_el_Paro_y_Como_Funciona\" >\u00bfQu\u00e9 es Sellar el Paro y C\u00f3mo Funciona?<\/a><\/li><li class='ez-toc-page-1 ez-toc-heading-level-2'><a class=\"ez-toc-link ez-toc-heading-3\" href=\"https:\/\/www.renovarpapeles.com\/tramites\/cuando-me-toca-sellar-el-paro\/#Cuando_Me_Toca_Sellar_el_Paro\" >Cu\u00e1ndo Me Toca Sellar el Paro<\/a><ul class='ez-toc-list-level-3' ><li class='ez-toc-heading-level-3'><a class=\"ez-toc-link ez-toc-heading-4\" href=\"https:\/\/www.renovarpapeles.com\/tramites\/cuando-me-toca-sellar-el-paro\/#Cuando_te_das_de_alta_como_demandante_de_empleo\" >Cuando te das de alta como demandante de empleo<\/a><\/li><li class='ez-toc-page-1 ez-toc-heading-level-3'><a class=\"ez-toc-link ez-toc-heading-5\" href=\"https:\/\/www.renovarpapeles.com\/tramites\/cuando-me-toca-sellar-el-paro\/#Si_has_perdido_tu_trabajo_y_estas_recibiendo_una_prestacion\" >Si has perdido tu trabajo y est\u00e1s recibiendo una prestaci\u00f3n<\/a><\/li><li class='ez-toc-page-1 ez-toc-heading-level-3'><a class=\"ez-toc-link ez-toc-heading-6\" href=\"https:\/\/www.renovarpapeles.com\/tramites\/cuando-me-toca-sellar-el-paro\/#Si_estas_recibiendo_el_subsidio_por_desempleo\" >Si est\u00e1s recibiendo el subsidio por desempleo<\/a><\/li><\/ul><\/li><li class='ez-toc-page-1 ez-toc-heading-level-2'><a class=\"ez-toc-link ez-toc-heading-7\" href=\"https:\/\/www.renovarpapeles.com\/tramites\/cuando-me-toca-sellar-el-paro\/#Como_Realizar_el_Tramite_de_Sellar_el_Paro\" >C\u00f3mo Realizar el Tr\u00e1mite de Sellar el Paro<\/a><\/li><li class='ez-toc-page-1 ez-toc-heading-level-2'><a class=\"ez-toc-link ez-toc-heading-8\" href=\"https:\/\/www.renovarpapeles.com\/tramites\/cuando-me-toca-sellar-el-paro\/#Consejos_para_Sellar_el_Paro_sin_Problemas\" >Consejos para Sellar el Paro sin Problemas<\/a><\/li><\/ul><\/nav><\/div>\n<h2><span class=\"ez-toc-section\" id=\"Cuando_Me_Toca_Sellar_el_Paro_Todo_lo_que_Necesitas_Saber\"><\/span>Cu\u00e1ndo Me Toca Sellar el Paro: Todo lo que Necesitas Saber<span class=\"ez-toc-section-end\"><\/span><\/h2>\n\n<p>El tr\u00e1mite de sellar el paro es uno de los m\u00e1s importantes y recurrentes para aquellas personas que se encuentran en situaci\u00f3n de desempleo. Sin embargo, es com\u00fan que surjan dudas sobre cu\u00e1ndo es el momento adecuado para realizar esta gesti\u00f3n y c\u00f3mo hacerlo de manera eficiente. En este art\u00edculo, como experto en tr\u00e1mites online, te explicar\u00e9 todo lo que necesitas saber sobre cu\u00e1ndo te toca sellar el paro y c\u00f3mo hacerlo de la forma m\u00e1s sencilla y r\u00e1pida posible. \u00a1Sigue leyendo para estar al d\u00eda con tus obligaciones como desempleado!<\/p>\n\n<h2 class=\"wp-block-heading\"><span class=\"ez-toc-section\" id=\"%C2%BFQue_es_Sellar_el_Paro_y_Como_Funciona\"><\/span>\u00bfQu\u00e9 es Sellar el Paro y C\u00f3mo Funciona?<span class=\"ez-toc-section-end\"><\/span><\/h2>\n\n<p>Antes de entrar en detalles sobre cu\u00e1ndo debes sellar el paro, es importante tener claro qu\u00e9 es y c\u00f3mo funciona este tr\u00e1mite. Consiste en una gesti\u00f3n que deben realizar todas las personas que se encuentran en situaci\u00f3n de desempleo y reciben una prestaci\u00f3n por parte del Servicio P\u00fablico de Empleo (SEPE). Es una forma de confirmar que sigues en busca de empleo y de mantener actualizados tus datos personales para recibir el pago de la prestaci\u00f3n correspondiente.<\/p>\n\n<p>Este tr\u00e1mite se realiza de forma presencial en las oficinas del SEPE o de manera online a trav\u00e9s de su p\u00e1gina web. En \u00e9l debes comunicar tu situaci\u00f3n laboral actual, si has conseguido trabajo o no, y actualizar tus datos personales y de contacto. Adem\u00e1s, es importante tener en cuenta que este tr\u00e1mite debe ser realizado de forma peri\u00f3dica, es decir, cada cierto tiempo, para seguir recibiendo la prestaci\u00f3n.<\/p>\n\n<h2 class=\"wp-block-heading\"><span class=\"ez-toc-section\" id=\"Cuando_Me_Toca_Sellar_el_Paro\"><\/span>Cu\u00e1ndo Me Toca Sellar el Paro<span class=\"ez-toc-section-end\"><\/span><\/h2>\n\n<p>Ahora s\u00ed, vamos a la pregunta principal: \u00bfcu\u00e1ndo te toca sellar el paro? La respuesta no es tan sencilla como solo mencionar una fecha exacta, ya que depende de distintos factores. A continuaci\u00f3n, te explicamos cu\u00e1ndo deber\u00e1s realizar este tr\u00e1mite seg\u00fan tu situaci\u00f3n:<\/p>\n\n<h3><span class=\"ez-toc-section\" id=\"Cuando_te_das_de_alta_como_demandante_de_empleo\"><\/span>Cuando te das de alta como demandante de empleo<span class=\"ez-toc-section-end\"><\/span><\/h3>\n\n<p>Si est\u00e1s en b\u00fasqueda de empleo y te has registrado como demandante en el SEPE, debes saber que, a partir de ese momento, tienes la obligaci\u00f3n de sellar el paro cada cierto tiempo. La frecuencia puede variar seg\u00fan la comunidad aut\u00f3noma en la que te encuentres, pero, por lo general, deber\u00e1s hacerlo cada 3 meses. Esta gesti\u00f3n debe realizarse s\u00ed o s\u00ed, incluso si no has recibido ninguna prestaci\u00f3n en ese periodo de tiempo.<\/p>\n\n<h3><span class=\"ez-toc-section\" id=\"Si_has_perdido_tu_trabajo_y_estas_recibiendo_una_prestacion\"><\/span>Si has perdido tu trabajo y est\u00e1s recibiendo una prestaci\u00f3n<span class=\"ez-toc-section-end\"><\/span><\/h3>\n\n<p>En este caso, el tiempo para sellar el paro depender\u00e1 de la duraci\u00f3n de tu prestaci\u00f3n. La fecha exacta en la que deber\u00e1s realizar el tr\u00e1mite se indicar\u00e1 en la resoluci\u00f3n en la que se te concede la prestaci\u00f3n. En la mayor\u00eda de los casos, deber\u00e1s sellar cada mes, aunque existen algunas excepciones en las que se establecen plazos m\u00e1s largos, como por ejemplo, en el caso de los subsidios por desempleo.<\/p>\n\n<h3><span class=\"ez-toc-section\" id=\"Si_estas_recibiendo_el_subsidio_por_desempleo\"><\/span>Si est\u00e1s recibiendo el subsidio por desempleo<span class=\"ez-toc-section-end\"><\/span><\/h3>\n\n<p>Si has agotado tu prestaci\u00f3n por desempleo y cumples con los requisitos para acceder a un subsidio, tambi\u00e9n tendr\u00e1s la obligaci\u00f3n de sellar el paro. En este caso, deber\u00e1s hacerlo cada 6 meses, siempre y cuando sigas cumpliendo los requisitos para recibir el subsidio. Si no realizas el tr\u00e1mite en este plazo, se suspender\u00e1 el pago de la ayuda hasta que regularices tu situaci\u00f3n.<\/p>\n\n<h2 class=\"wp-block-heading\"><span class=\"ez-toc-section\" id=\"Como_Realizar_el_Tramite_de_Sellar_el_Paro\"><\/span>C\u00f3mo Realizar el Tr\u00e1mite de Sellar el Paro<span class=\"ez-toc-section-end\"><\/span><\/h2>\n\n<p>Una vez que ya sabes cu\u00e1ndo debes sellar el paro, te preguntar\u00e1s c\u00f3mo realizarlo de forma eficiente y r\u00e1pida. La forma m\u00e1s c\u00f3moda y recomendada es a trav\u00e9s de internet, en la p\u00e1gina web del SEPE. Esto te evitar\u00e1 la incomodidad de tener que acudir a una oficina y esperar en largas colas. Para ello, deber\u00e1s contar con un certificado digital o DNI electr\u00f3nico y acceder al apartado de \u00absolicitud de cita previa\u00bb en el portal del SEPE.<\/p>\n\n<p>Otra opci\u00f3n es realizar el tr\u00e1mite presencialmente en la oficina del SEPE m\u00e1s cercana a tu domicilio. Para ello, deber\u00e1s pedir cita previa a trav\u00e9s de su p\u00e1gina web o llamando al tel\u00e9fono de atenci\u00f3n al ciudadano. Tambi\u00e9n puedes realizar el tr\u00e1mite por tel\u00e9fono llamando al n\u00famero que se te haya asignado como contacto con el SEPE.<\/p>\n\n<p>Recuerda que, en cualquier caso, debes aportar los siguientes documentos al realizar el tr\u00e1mite:<\/p>\n\n<ul>\n <li>DNI o pasaporte<\/li>\n <li>Certificado de empresa si has trabajado durante ese periodo de tiempo<\/li>\n <li>Certificado de tu actividad como aut\u00f3nomo en caso de ser necesario<\/li>\n<\/ul>\n\n<h2 class=\"wp-block-heading\"><span class=\"ez-toc-section\" id=\"Consejos_para_Sellar_el_Paro_sin_Problemas\"><\/span>Consejos para Sellar el Paro sin Problemas<span class=\"ez-toc-section-end\"><\/span><\/h2>\n\n<p>Por \u00faltimo, queremos darte algunos consejos para que tu tr\u00e1mite de sellar el paro sea lo m\u00e1s f\u00e1cil y r\u00e1pido posible:<\/p>\n\n<ul>\n <li>No esperes hasta el \u00faltimo d\u00eda para realizar el tr\u00e1mite, ya que se pueden producir errores o imprevistos que te retrasen y, en consecuencia, no recibir\u00e1s el pago de tu prestaci\u00f3n a tiempo.<\/li>\n <li>Realiza el tr\u00e1mite por internet si es posible, ya que te ahorrar\u00e1 tiempo y molestias.<\/li>\n <li>Mant\u00e9n tus datos personales actualizados en todo momento, para evitar problemas en el cobro de tu prestaci\u00f3n.<\/li>\n <li>Si tienes cualquier duda sobre cu\u00e1ndo te toca sellar el paro o c\u00f3mo realizar el tr\u00e1mite, no dudes en contactar con el SEPE o acudir a una oficina de atenci\u00f3n al ciudadano para recibir ayuda personalizada.<\/li>\n<\/ul>\n\n<p>En resumen, sellar el paro es un tr\u00e1mite obligatorio que debes realizar de forma peri\u00f3dica si te encuentras en situaci\u00f3n de desempleo y recibes alguna prestaci\u00f3n del SEPE. La frecuencia con la que debes hacerlo depender\u00e1 de tu situaci\u00f3n personal, pero en todos los casos es importante hacerlo dentro de los plazos establecidos para evitar problemas en el cobro de tu ayuda. Recuerda que, si necesitas m\u00e1s informaci\u00f3n o tienes alguna duda, siempre puedes acudir al SEPE para recibir ayuda de sus funcionarios. \u00a1No dejes de cumplir con tus obligaciones y mant\u00e9n tus datos actualizados para recibir tu prestaci\u00f3n sin problemas! <\/p>","protected":false},"excerpt":{"rendered":"<p>Cu\u00e1ndo Me Toca Sellar el Paro: Todo lo que Necesitas Saber El tr\u00e1mite de sellar el paro es uno&#8230;<\/p>\n","protected":false},"author":1,"featured_media":0,"comment_status":"open","ping_status":"closed","sticky":false,"template":"","format":"standard","meta":{"_uag_custom_page_level_css":"","_kadence_starter_templates_imported_post":false,"_kad_post_transparent":"","_kad_post_title":"","_kad_post_layout":"","_kad_post_sidebar_id":"","_kad_post_content_style":"","_kad_post_vertical_padding":"","_kad_post_feature":"","_kad_post_feature_position":"","_kad_post_header":false,"_kad_post_footer":false,"footnotes":""},"categories":[3],"tags":[],"class_list":["post-455652","post","type-post","status-publish","format-standard","hentry","category-tramites"],"uagb_featured_image_src":{"full":false,"thumbnail":false,"medium":false,"medium_large":false,"large":false,"1536x1536":false,"2048x2048":false},"uagb_author_info":{"display_name":"Renovar Papeles","author_link":"https:\/\/www.renovarpapeles.com\/tramites\/author\/admin\/"},"uagb_comment_info":5,"uagb_excerpt":"Cu\u00e1ndo Me Toca Sellar el Paro: Todo lo que Necesitas Saber El tr\u00e1mite de sellar el paro es uno...","_links":{"self":[{"href":"https:\/\/www.renovarpapeles.com\/tramites\/wp-json\/wp\/v2\/posts\/455652","targetHints":{"allow":["GET"]}}],"collection":[{"href":"https:\/\/www.renovarpapeles.com\/tramites\/wp-json\/wp\/v2\/posts"}],"about":[{"href":"https:\/\/www.renovarpapeles.com\/tramites\/wp-json\/wp\/v2\/types\/post"}],"author":[{"embeddable":true,"href":"https:\/\/www.renovarpapeles.com\/tramites\/wp-json\/wp\/v2\/users\/1"}],"replies":[{"embeddable":true,"href":"https:\/\/www.renovarpapeles.com\/tramites\/wp-json\/wp\/v2\/comments?post=455652"}],"version-history":[{"count":0,"href":"https:\/\/www.renovarpapeles.com\/tramites\/wp-json\/wp\/v2\/posts\/455652\/revisions"}],"wp:attachment":[{"href":"https:\/\/www.renovarpapeles.com\/tramites\/wp-json\/wp\/v2\/media?parent=455652"}],"wp:term":[{"taxonomy":"category","embeddable":true,"href":"https:\/\/www.renovarpapeles.com\/tramites\/wp-json\/wp\/v2\/categories?post=455652"},{"taxonomy":"post_tag","embeddable":true,"href":"https:\/\/www.renovarpapeles.com\/tramites\/wp-json\/wp\/v2\/tags?post=455652"}],"curies":[{"name":"wp","href":"https:\/\/api.w.org\/{rel}","templated":true}]}}