{"id":3548342,"date":"2025-04-11T12:06:57","date_gmt":"2025-04-11T12:06:57","guid":{"rendered":"https:\/\/www.renovarpapeles.com\/tramites\/?p=3548342"},"modified":"2025-04-12T00:23:25","modified_gmt":"2025-04-12T00:23:25","slug":"minimo-por-discapacidad-renta-2011","status":"publish","type":"post","link":"https:\/\/www.renovarpapeles.com\/tramites\/minimo-por-discapacidad-renta-2011\/","title":{"rendered":"Minimo por Discapacidad Renta 2011"},"content":{"rendered":"El m\u00ednimo por discapacidad es una deducci\u00f3n en la renta que se aplica a aquellas personas con discapacidad reconocida por un grado igual o superior al 33%. Esta deducci\u00f3n, que se aplica desde el a\u00f1o 2011 en Espa\u00f1a, tiene como objetivo compensar los mayores gastos y dificultades que suelen enfrentar las personas con discapacidad.<\/p><!-- \/wp:post-content --><!-- wp:paragraph --><p>En el caso de que la discapacidad sea igual o superior al 65%, el importe del m\u00ednimo se eleva a 9.000 euros para los menores de 65 a\u00f1os y a 12.000 euros para los mayores de esa edad. Adem\u00e1s, cuando la discapacidad sea igual o superior al 33% y se trate de una persona con movilidad reducida, el m\u00ednimo se incrementa en otros 3.000 euros.<\/p><!-- \/wp:paragraph --><!-- wp:paragraph --><p>","protected":false},"excerpt":{"rendered":"<p>El m\u00ednimo por discapacidad es una deducci\u00f3n en la renta que se aplica a aquellas personas con discapacidad reconocida&#8230;<\/p>\n","protected":false},"author":1,"featured_media":0,"comment_status":"open","ping_status":"open","sticky":false,"template":"","format":"standard","meta":{"_uag_custom_page_level_css":"","_kadence_starter_templates_imported_post":false,"_kad_post_transparent":"","_kad_post_title":"","_kad_post_layout":"","_kad_post_sidebar_id":"","_kad_post_content_style":"","_kad_post_vertical_padding":"","_kad_post_feature":"","_kad_post_feature_position":"","_kad_post_header":false,"_kad_post_footer":false,"footnotes":""},"categories":[265],"tags":[271],"class_list":["post-3548342","post","type-post","status-publish","format-standard","hentry","category-renta","tag-renta-2012"],"uagb_featured_image_src":{"full":false,"thumbnail":false,"medium":false,"medium_large":false,"large":false,"1536x1536":false,"2048x2048":false},"uagb_author_info":{"display_name":"Renovar Papeles","author_link":"https:\/\/www.renovarpapeles.com\/tramites\/author\/admin\/"},"uagb_comment_info":0,"uagb_excerpt":"El m\u00ednimo por discapacidad es una deducci\u00f3n en la renta que se aplica a aquellas personas con discapacidad reconocida...","_links":{"self":[{"href":"https:\/\/www.renovarpapeles.com\/tramites\/wp-json\/wp\/v2\/posts\/3548342","targetHints":{"allow":["GET"]}}],"collection":[{"href":"https:\/\/www.renovarpapeles.com\/tramites\/wp-json\/wp\/v2\/posts"}],"about":[{"href":"https:\/\/www.renovarpapeles.com\/tramites\/wp-json\/wp\/v2\/types\/post"}],"author":[{"embeddable":true,"href":"https:\/\/www.renovarpapeles.com\/tramites\/wp-json\/wp\/v2\/users\/1"}],"replies":[{"embeddable":true,"href":"https:\/\/www.renovarpapeles.com\/tramites\/wp-json\/wp\/v2\/comments?post=3548342"}],"version-history":[{"count":0,"href":"https:\/\/www.renovarpapeles.com\/tramites\/wp-json\/wp\/v2\/posts\/3548342\/revisions"}],"wp:attachment":[{"href":"https:\/\/www.renovarpapeles.com\/tramites\/wp-json\/wp\/v2\/media?parent=3548342"}],"wp:term":[{"taxonomy":"category","embeddable":true,"href":"https:\/\/www.renovarpapeles.com\/tramites\/wp-json\/wp\/v2\/categories?post=3548342"},{"taxonomy":"post_tag","embeddable":true,"href":"https:\/\/www.renovarpapeles.com\/tramites\/wp-json\/wp\/v2\/tags?post=3548342"}],"curies":[{"name":"wp","href":"https:\/\/api.w.org\/{rel}","templated":true}]}}