{"id":3527247,"date":"2025-04-10T08:57:04","date_gmt":"2025-04-10T08:57:04","guid":{"rendered":"https:\/\/www.renovarpapeles.com\/tramites\/?p=3527247"},"modified":"2025-04-11T00:58:49","modified_gmt":"2025-04-11T00:58:49","slug":"declaracion-de-la-renta-2012-laredo","status":"publish","type":"post","link":"https:\/\/www.renovarpapeles.com\/tramites\/declaracion-de-la-renta-2012-laredo\/","title":{"rendered":"Declaracion de la Renta 2012 Laredo"},"content":{"rendered":"La Declaraci\u00f3n de la Renta 2012 en Laredo fue el proceso anual en el que los contribuyentes de esta localidad del norte de Espa\u00f1a debieron presentar su declaraci\u00f3n del Impuesto sobre la Renta de las Personas F\u00edsicas (IRPF) correspondiente al a\u00f1o fiscal 2012. En este proceso, se establece la obligaci\u00f3n de los ciudadanos de declarar sus ingresos y deducciones para determinar la cuota del impuesto a pagar o la devoluci\u00f3n a recibir.<\/p><!-- \/wp:post-content --><!-- wp:paragraph --><p>Otra novedad en la Declaraci\u00f3n de la Renta 2012 en Laredo fue el aumento en el tipo impositivo para las rentas m\u00e1s altas, lo que signific\u00f3 que aquellos contribuyentes con mayores ingresos debieron pagar un porcentaje mayor de impuestos. Adem\u00e1s, se increment\u00f3 el n\u00famero de tramos en la tabla del IRPF, lo que afect\u00f3 a la escala de retenciones en las n\u00f3minas y pensiones.<\/p><!-- \/wp:paragraph --><!-- wp:paragraph --><p>","protected":false},"excerpt":{"rendered":"<p>La Declaraci\u00f3n de la Renta 2012 en Laredo fue el proceso anual en el que los contribuyentes de esta&#8230;<\/p>\n","protected":false},"author":1,"featured_media":0,"comment_status":"open","ping_status":"open","sticky":false,"template":"","format":"standard","meta":{"_uag_custom_page_level_css":"","_kadence_starter_templates_imported_post":false,"_kad_post_transparent":"","_kad_post_title":"","_kad_post_layout":"","_kad_post_sidebar_id":"","_kad_post_content_style":"","_kad_post_vertical_padding":"","_kad_post_feature":"","_kad_post_feature_position":"","_kad_post_header":false,"_kad_post_footer":false,"footnotes":""},"categories":[265],"tags":[271],"class_list":["post-3527247","post","type-post","status-publish","format-standard","hentry","category-renta","tag-renta-2012"],"uagb_featured_image_src":{"full":false,"thumbnail":false,"medium":false,"medium_large":false,"large":false,"1536x1536":false,"2048x2048":false},"uagb_author_info":{"display_name":"Renovar Papeles","author_link":"https:\/\/www.renovarpapeles.com\/tramites\/author\/admin\/"},"uagb_comment_info":0,"uagb_excerpt":"La Declaraci\u00f3n de la Renta 2012 en Laredo fue el proceso anual en el que los contribuyentes de esta...","_links":{"self":[{"href":"https:\/\/www.renovarpapeles.com\/tramites\/wp-json\/wp\/v2\/posts\/3527247","targetHints":{"allow":["GET"]}}],"collection":[{"href":"https:\/\/www.renovarpapeles.com\/tramites\/wp-json\/wp\/v2\/posts"}],"about":[{"href":"https:\/\/www.renovarpapeles.com\/tramites\/wp-json\/wp\/v2\/types\/post"}],"author":[{"embeddable":true,"href":"https:\/\/www.renovarpapeles.com\/tramites\/wp-json\/wp\/v2\/users\/1"}],"replies":[{"embeddable":true,"href":"https:\/\/www.renovarpapeles.com\/tramites\/wp-json\/wp\/v2\/comments?post=3527247"}],"version-history":[{"count":0,"href":"https:\/\/www.renovarpapeles.com\/tramites\/wp-json\/wp\/v2\/posts\/3527247\/revisions"}],"wp:attachment":[{"href":"https:\/\/www.renovarpapeles.com\/tramites\/wp-json\/wp\/v2\/media?parent=3527247"}],"wp:term":[{"taxonomy":"category","embeddable":true,"href":"https:\/\/www.renovarpapeles.com\/tramites\/wp-json\/wp\/v2\/categories?post=3527247"},{"taxonomy":"post_tag","embeddable":true,"href":"https:\/\/www.renovarpapeles.com\/tramites\/wp-json\/wp\/v2\/tags?post=3527247"}],"curies":[{"name":"wp","href":"https:\/\/api.w.org\/{rel}","templated":true}]}}