{"id":3523851,"date":"2025-04-10T08:57:04","date_gmt":"2025-04-10T08:57:04","guid":{"rendered":"https:\/\/www.renovarpapeles.com\/tramites\/?p=3523851"},"modified":"2025-04-10T19:45:51","modified_gmt":"2025-04-10T19:45:51","slug":"ultima-declaracion-de-renta-2o14","status":"publish","type":"post","link":"https:\/\/www.renovarpapeles.com\/tramites\/ultima-declaracion-de-renta-2o14\/","title":{"rendered":"ultima declaracion de renta 2o14"},"content":{"rendered":"La \u00faltima declaraci\u00f3n de renta correspondiente al a\u00f1o 2014 fue una importante novedad en materia fiscal en Espa\u00f1a. Esta declaraci\u00f3n se realiz\u00f3 bajo el marco de la Ley del Impuesto sobre la Renta de las Personas F\u00edsicas (IRPF) de 2014, que introdujo importantes cambios en la estructura y los tipos impositivos del impuesto.<\/p><!-- \/wp:post-content --><!-- wp:paragraph --><p>Otra novedad importante fue la eliminaci\u00f3n de la exenci\u00f3n por rendimientos del trabajo de hasta 22.000 euros, que hab\u00eda estado vigente desde 2007. A partir de 2014, todos los contribuyentes con rendimientos del trabajo est\u00e1n obligados a realizar la declaraci\u00f3n de renta, aunque pueden seguir aplicando otras exenciones y deducciones en su cuota a pagar.<\/p><!-- \/wp:paragraph --><!-- wp:paragraph --><p>En resumen, la \u00faltima declaraci\u00f3n de renta de 2014 fue un punto de inflexi\u00f3n en materia fiscal en Espa\u00f1a, con cambios tanto en la estructura del impuesto como en las obligaciones formales, con el objetivo de hacer m\u00e1s justa y equitativa la tributaci\u00f3n de los contribuyentes.<\/p><!-- \/wp:paragraph -->","protected":false},"excerpt":{"rendered":"<p>La \u00faltima declaraci\u00f3n de renta correspondiente al a\u00f1o 2014 fue una importante novedad en materia fiscal en Espa\u00f1a. Esta&#8230;<\/p>\n","protected":false},"author":1,"featured_media":0,"comment_status":"open","ping_status":"open","sticky":false,"template":"","format":"standard","meta":{"_uag_custom_page_level_css":"","_kadence_starter_templates_imported_post":false,"_kad_post_transparent":"","_kad_post_title":"","_kad_post_layout":"","_kad_post_sidebar_id":"","_kad_post_content_style":"","_kad_post_vertical_padding":"","_kad_post_feature":"","_kad_post_feature_position":"","_kad_post_header":false,"_kad_post_footer":false,"footnotes":""},"categories":[265],"tags":[272],"class_list":["post-3523851","post","type-post","status-publish","format-standard","hentry","category-renta","tag-renta-2013"],"uagb_featured_image_src":{"full":false,"thumbnail":false,"medium":false,"medium_large":false,"large":false,"1536x1536":false,"2048x2048":false},"uagb_author_info":{"display_name":"Renovar Papeles","author_link":"https:\/\/www.renovarpapeles.com\/tramites\/author\/admin\/"},"uagb_comment_info":0,"uagb_excerpt":"La \u00faltima declaraci\u00f3n de renta correspondiente al a\u00f1o 2014 fue una importante novedad en materia fiscal en Espa\u00f1a. Esta...","_links":{"self":[{"href":"https:\/\/www.renovarpapeles.com\/tramites\/wp-json\/wp\/v2\/posts\/3523851","targetHints":{"allow":["GET"]}}],"collection":[{"href":"https:\/\/www.renovarpapeles.com\/tramites\/wp-json\/wp\/v2\/posts"}],"about":[{"href":"https:\/\/www.renovarpapeles.com\/tramites\/wp-json\/wp\/v2\/types\/post"}],"author":[{"embeddable":true,"href":"https:\/\/www.renovarpapeles.com\/tramites\/wp-json\/wp\/v2\/users\/1"}],"replies":[{"embeddable":true,"href":"https:\/\/www.renovarpapeles.com\/tramites\/wp-json\/wp\/v2\/comments?post=3523851"}],"version-history":[{"count":0,"href":"https:\/\/www.renovarpapeles.com\/tramites\/wp-json\/wp\/v2\/posts\/3523851\/revisions"}],"wp:attachment":[{"href":"https:\/\/www.renovarpapeles.com\/tramites\/wp-json\/wp\/v2\/media?parent=3523851"}],"wp:term":[{"taxonomy":"category","embeddable":true,"href":"https:\/\/www.renovarpapeles.com\/tramites\/wp-json\/wp\/v2\/categories?post=3523851"},{"taxonomy":"post_tag","embeddable":true,"href":"https:\/\/www.renovarpapeles.com\/tramites\/wp-json\/wp\/v2\/tags?post=3523851"}],"curies":[{"name":"wp","href":"https:\/\/api.w.org\/{rel}","templated":true}]}}