{"id":3518559,"date":"2025-04-10T08:57:04","date_gmt":"2025-04-10T08:57:04","guid":{"rendered":"https:\/\/www.renovarpapeles.com\/tramites\/?p=3518559"},"modified":"2025-04-10T11:30:20","modified_gmt":"2025-04-10T11:30:20","slug":"computo-de-horas-en-trabajadores-minusvalidos-modulos","status":"publish","type":"post","link":"https:\/\/www.renovarpapeles.com\/tramites\/computo-de-horas-en-trabajadores-minusvalidos-modulos\/","title":{"rendered":"Computo de Horas en Trabajadores Minusvalidos Modulos"},"content":{"rendered":"El computo de horas en trabajadores minusv\u00e1lidos en el r\u00e9gimen de m\u00f3dulos es un tema delicado y complejo que debe ser tratado con especial atenci\u00f3n por parte de los empleadores y trabajadores en Espa\u00f1a. La Ley de IRPF establece que los trabajadores minusv\u00e1lidos podr\u00e1n aplicar el r\u00e9gimen de m\u00f3dulos siempre que cumplan con ciertos requisitos, entre ellos, el de dedicar una determinada jornada laboral a su actividad en el r\u00e9gimen de estimaci\u00f3n directa.<\/p><!-- \/wp:post-content --><!-- wp:paragraph --><p>Es importante tener en cuenta que el c\u00f3mputo de las horas de trabajo se realiza de manera global en la empresa, es decir, si se tienen varios trabajadores minusv\u00e1lidos en una misma empresa, su conjunto deber\u00e1 cumplir con el requisito del 50% de dedicaci\u00f3n a la actividad para poder aplicar el r\u00e9gimen de m\u00f3dulos. Adem\u00e1s, es necesario llevar un control detallado de las horas de trabajo de cada empleado, ya que en caso de incumplimiento, la empresa puede verse obligada a rectificar las declaraciones de IRPF y pagar las diferencias correspondientes.<\/p><!-- \/wp:paragraph --><!-- wp:paragraph --><p>","protected":false},"excerpt":{"rendered":"<p>El computo de horas en trabajadores minusv\u00e1lidos en el r\u00e9gimen de m\u00f3dulos es un tema delicado y complejo que&#8230;<\/p>\n","protected":false},"author":1,"featured_media":0,"comment_status":"open","ping_status":"open","sticky":false,"template":"","format":"standard","meta":{"_uag_custom_page_level_css":"","_kadence_starter_templates_imported_post":false,"_kad_post_transparent":"","_kad_post_title":"","_kad_post_layout":"","_kad_post_sidebar_id":"","_kad_post_content_style":"","_kad_post_vertical_padding":"","_kad_post_feature":"","_kad_post_feature_position":"","_kad_post_header":false,"_kad_post_footer":false,"footnotes":""},"categories":[265],"tags":[271],"class_list":["post-3518559","post","type-post","status-publish","format-standard","hentry","category-renta","tag-renta-2012"],"uagb_featured_image_src":{"full":false,"thumbnail":false,"medium":false,"medium_large":false,"large":false,"1536x1536":false,"2048x2048":false},"uagb_author_info":{"display_name":"Renovar Papeles","author_link":"https:\/\/www.renovarpapeles.com\/tramites\/author\/admin\/"},"uagb_comment_info":0,"uagb_excerpt":"El computo de horas en trabajadores minusv\u00e1lidos en el r\u00e9gimen de m\u00f3dulos es un tema delicado y complejo que...","_links":{"self":[{"href":"https:\/\/www.renovarpapeles.com\/tramites\/wp-json\/wp\/v2\/posts\/3518559","targetHints":{"allow":["GET"]}}],"collection":[{"href":"https:\/\/www.renovarpapeles.com\/tramites\/wp-json\/wp\/v2\/posts"}],"about":[{"href":"https:\/\/www.renovarpapeles.com\/tramites\/wp-json\/wp\/v2\/types\/post"}],"author":[{"embeddable":true,"href":"https:\/\/www.renovarpapeles.com\/tramites\/wp-json\/wp\/v2\/users\/1"}],"replies":[{"embeddable":true,"href":"https:\/\/www.renovarpapeles.com\/tramites\/wp-json\/wp\/v2\/comments?post=3518559"}],"version-history":[{"count":0,"href":"https:\/\/www.renovarpapeles.com\/tramites\/wp-json\/wp\/v2\/posts\/3518559\/revisions"}],"wp:attachment":[{"href":"https:\/\/www.renovarpapeles.com\/tramites\/wp-json\/wp\/v2\/media?parent=3518559"}],"wp:term":[{"taxonomy":"category","embeddable":true,"href":"https:\/\/www.renovarpapeles.com\/tramites\/wp-json\/wp\/v2\/categories?post=3518559"},{"taxonomy":"post_tag","embeddable":true,"href":"https:\/\/www.renovarpapeles.com\/tramites\/wp-json\/wp\/v2\/tags?post=3518559"}],"curies":[{"name":"wp","href":"https:\/\/api.w.org\/{rel}","templated":true}]}}