{"id":3512422,"date":"2025-04-08T10:06:51","date_gmt":"2025-04-08T10:06:51","guid":{"rendered":"https:\/\/www.renovarpapeles.com\/tramites\/?p=3512422"},"modified":"2025-04-08T14:01:48","modified_gmt":"2025-04-08T14:01:48","slug":"gastos-por-guarderias-2","status":"publish","type":"post","link":"https:\/\/www.renovarpapeles.com\/tramites\/gastos-por-guarderias-2\/","title":{"rendered":"gastos por guarderias"},"content":{"rendered":"En Espa\u00f1a, los gastos por guarder\u00edas son considerados como un tipo de deducci\u00f3n en el Impuesto sobre la Renta de las Personas F\u00edsicas (IRPF). Esto quiere decir que los gastos que se realizan en guarder\u00edas o escuelas infantiles para el cuidado de ni\u00f1os menores de tres a\u00f1os pueden ser restados de la base imponible, reduciendo as\u00ed la cantidad final a pagar en impuestos.<\/p><!-- \/wp:post-content --><!-- wp:paragraph --><p>Los gastos que pueden ser deducibles incluyen la matr\u00edcula, el comedor, el transporte y la cuota de escolaridad. Sin embargo, no se podr\u00e1n incluir aquellos costos destinados a actividades extracurriculares, material escolar, uniformes o comidas no realizadas en el centro educativo.<\/p><!-- \/wp:paragraph --><!-- wp:paragraph --><p>","protected":false},"excerpt":{"rendered":"<p>En Espa\u00f1a, los gastos por guarder\u00edas son considerados como un tipo de deducci\u00f3n en el Impuesto sobre la Renta&#8230;<\/p>\n","protected":false},"author":1,"featured_media":0,"comment_status":"open","ping_status":"open","sticky":false,"template":"","format":"standard","meta":{"_uag_custom_page_level_css":"","_kadence_starter_templates_imported_post":false,"_kad_post_transparent":"","_kad_post_title":"","_kad_post_layout":"","_kad_post_sidebar_id":"","_kad_post_content_style":"","_kad_post_vertical_padding":"","_kad_post_feature":"","_kad_post_feature_position":"","_kad_post_header":false,"_kad_post_footer":false,"footnotes":""},"categories":[265],"tags":[270],"class_list":["post-3512422","post","type-post","status-publish","format-standard","hentry","category-renta","tag-renta-2011"],"uagb_featured_image_src":{"full":false,"thumbnail":false,"medium":false,"medium_large":false,"large":false,"1536x1536":false,"2048x2048":false},"uagb_author_info":{"display_name":"Renovar Papeles","author_link":"https:\/\/www.renovarpapeles.com\/tramites\/author\/admin\/"},"uagb_comment_info":0,"uagb_excerpt":"En Espa\u00f1a, los gastos por guarder\u00edas son considerados como un tipo de deducci\u00f3n en el Impuesto sobre la Renta...","_links":{"self":[{"href":"https:\/\/www.renovarpapeles.com\/tramites\/wp-json\/wp\/v2\/posts\/3512422","targetHints":{"allow":["GET"]}}],"collection":[{"href":"https:\/\/www.renovarpapeles.com\/tramites\/wp-json\/wp\/v2\/posts"}],"about":[{"href":"https:\/\/www.renovarpapeles.com\/tramites\/wp-json\/wp\/v2\/types\/post"}],"author":[{"embeddable":true,"href":"https:\/\/www.renovarpapeles.com\/tramites\/wp-json\/wp\/v2\/users\/1"}],"replies":[{"embeddable":true,"href":"https:\/\/www.renovarpapeles.com\/tramites\/wp-json\/wp\/v2\/comments?post=3512422"}],"version-history":[{"count":0,"href":"https:\/\/www.renovarpapeles.com\/tramites\/wp-json\/wp\/v2\/posts\/3512422\/revisions"}],"wp:attachment":[{"href":"https:\/\/www.renovarpapeles.com\/tramites\/wp-json\/wp\/v2\/media?parent=3512422"}],"wp:term":[{"taxonomy":"category","embeddable":true,"href":"https:\/\/www.renovarpapeles.com\/tramites\/wp-json\/wp\/v2\/categories?post=3512422"},{"taxonomy":"post_tag","embeddable":true,"href":"https:\/\/www.renovarpapeles.com\/tramites\/wp-json\/wp\/v2\/tags?post=3512422"}],"curies":[{"name":"wp","href":"https:\/\/api.w.org\/{rel}","templated":true}]}}