{"id":1753810,"date":"2025-05-30T16:50:44","date_gmt":"2025-05-30T16:50:44","guid":{"rendered":"https:\/\/www.renovarpapeles.com\/tramites\/?p=1753810"},"modified":"2025-05-30T16:47:20","modified_gmt":"2025-05-30T16:47:20","slug":"crisol-de-razas-en-panama-2014","status":"publish","type":"post","link":"https:\/\/www.renovarpapeles.com\/tramites\/crisol-de-razas-en-panama-2014\/","title":{"rendered":"Crisol de Razas en Panama 2014"},"content":{"rendered":"<div id=\"ez-toc-container\" class=\"ez-toc-v2_0_81 counter-hierarchy ez-toc-counter ez-toc-custom ez-toc-container-direction\">\n<div class=\"ez-toc-title-container\">\n<p class=\"ez-toc-title\" style=\"cursor:inherit\">Contenidos<\/p>\n<span class=\"ez-toc-title-toggle\"><a href=\"#\" class=\"ez-toc-pull-right ez-toc-btn ez-toc-btn-xs ez-toc-btn-default ez-toc-toggle\" aria-label=\"Alternar tabla de contenidos\"><span class=\"ez-toc-js-icon-con\"><span class=\"\"><span class=\"eztoc-hide\" style=\"display:none;\">Toggle<\/span><span class=\"ez-toc-icon-toggle-span\"><svg style=\"fill: #333333;color:#333333\" xmlns=\"http:\/\/www.w3.org\/2000\/svg\" class=\"list-377408\" width=\"20px\" height=\"20px\" viewBox=\"0 0 24 24\" fill=\"none\"><path d=\"M6 6H4v2h2V6zm14 0H8v2h12V6zM4 11h2v2H4v-2zm16 0H8v2h12v-2zM4 16h2v2H4v-2zm16 0H8v2h12v-2z\" fill=\"currentColor\"><\/path><\/svg><svg style=\"fill: #333333;color:#333333\" class=\"arrow-unsorted-368013\" xmlns=\"http:\/\/www.w3.org\/2000\/svg\" width=\"10px\" height=\"10px\" viewBox=\"0 0 24 24\" version=\"1.2\" baseProfile=\"tiny\"><path d=\"M18.2 9.3l-6.2-6.3-6.2 6.3c-.2.2-.3.4-.3.7s.1.5.3.7c.2.2.4.3.7.3h11c.3 0 .5-.1.7-.3.2-.2.3-.5.3-.7s-.1-.5-.3-.7zM5.8 14.7l6.2 6.3 6.2-6.3c.2-.2.3-.5.3-.7s-.1-.5-.3-.7c-.2-.2-.4-.3-.7-.3h-11c-.3 0-.5.1-.7.3-.2.2-.3.5-.3.7s.1.5.3.7z\"\/><\/svg><\/span><\/span><\/span><\/a><\/span><\/div>\n<nav><ul class='ez-toc-list ez-toc-list-level-1 ' ><li class='ez-toc-page-1 ez-toc-heading-level-2'><a class=\"ez-toc-link ez-toc-heading-1\" href=\"https:\/\/www.renovarpapeles.com\/tramites\/crisol-de-razas-en-panama-2014\/#Crisol_de_Razas_en_Panama_2014_Un_Evento_Multicultural_que_Celebra_la_Diversidad\" >Crisol de Razas en Panam\u00e1 2014: Un Evento Multicultural que Celebra la Diversidad<\/a><\/li><li class='ez-toc-page-1 ez-toc-heading-level-2'><a class=\"ez-toc-link ez-toc-heading-2\" href=\"https:\/\/www.renovarpapeles.com\/tramites\/crisol-de-razas-en-panama-2014\/#Origenes_del_Crisol_de_Razas_en_Panama\" >Or\u00edgenes del Crisol de Razas en Panam\u00e1<\/a><\/li><li class='ez-toc-page-1 ez-toc-heading-level-2'><a class=\"ez-toc-link ez-toc-heading-3\" href=\"https:\/\/www.renovarpapeles.com\/tramites\/crisol-de-razas-en-panama-2014\/#Actividades_del_Crisol_de_Razas_en_Panama_2014\" >Actividades del Crisol de Razas en Panam\u00e1 2014<\/a><\/li><li class='ez-toc-page-1 ez-toc-heading-level-2'><a class=\"ez-toc-link ez-toc-heading-4\" href=\"https:\/\/www.renovarpapeles.com\/tramites\/crisol-de-razas-en-panama-2014\/#Impacto_del_Crisol_de_Razas_en_Panama\" >Impacto del Crisol de Razas en Panam\u00e1<\/a><\/li><li class='ez-toc-page-1 ez-toc-heading-level-2'><a class=\"ez-toc-link ez-toc-heading-5\" href=\"https:\/\/www.renovarpapeles.com\/tramites\/crisol-de-razas-en-panama-2014\/#Conclusiones\" >Conclusiones<\/a><\/li><\/ul><\/nav><\/div>\n<h2><span class=\"ez-toc-section\" id=\"Crisol_de_Razas_en_Panama_2014_Un_Evento_Multicultural_que_Celebra_la_Diversidad\"><\/span>Crisol de Razas en Panam\u00e1 2014: Un Evento Multicultural que Celebra la Diversidad<span class=\"ez-toc-section-end\"><\/span><\/h2>\n\n<p>El Crisol de Razas en Panam\u00e1 2014 fue un evento multicultural que reuni\u00f3 a personas de diferentes or\u00edgenes y etnias para celebrar la diversidad de la sociedad paname\u00f1a. Esta iniciativa, que se llev\u00f3 a cabo por segundo a\u00f1o consecutivo, fue organizada por el Gobierno Nacional a trav\u00e9s de la Autoridad Nacional de Administraci\u00f3n de Tierras (ANATI), en colaboraci\u00f3n con diversas organizaciones y empresas p\u00fablicas y privadas. El objetivo principal de este evento fue promover la integraci\u00f3n y el respeto por la diversidad \u00e9tnica y cultural en el pa\u00eds, as\u00ed como fortalecer la identidad nacional y fomentar la convivencia pac\u00edfica entre las comunidades.<\/p>\n\n<hr>\n\n<h2 class=\"wp-block-heading\"><span class=\"ez-toc-section\" id=\"Origenes_del_Crisol_de_Razas_en_Panama\"><\/span>Or\u00edgenes del Crisol de Razas en Panam\u00e1<span class=\"ez-toc-section-end\"><\/span><\/h2>\n\n<p>El Crisol de Razas es un evento que nace de la iniciativa del Presidente de la Rep\u00fablica de Panam\u00e1, Juan Carlos Varela, quien en el a\u00f1o 2013 propuso la creaci\u00f3n de un evento que celebrara la diversidad cultural y \u00e9tnica de Panam\u00e1. La primera edici\u00f3n se llev\u00f3 a cabo en el a\u00f1o 2013 y fue un \u00e9xito rotundo, por lo cual se decidi\u00f3 continuar realizando este evento en a\u00f1os posteriores.<\/p>\n\n<p>El t\u00e9rmino \u00abCrisol de Razas\u00bb se refiere a la mezcla de culturas y etnias que conforman la poblaci\u00f3n de Panam\u00e1, producto de su historia como un punto clave para el comercio y la migraci\u00f3n en la regi\u00f3n. Desde la \u00e9poca de la colonia, Panam\u00e1 ha sido una tierra de encuentro entre diferentes culturas, como los ind\u00edgenas, negros, europeos y asi\u00e1ticos, entre otros. Esta diversidad ha enriquecido la identidad y la cultura del pa\u00eds, y es algo que se celebra y se promueve en el evento del Crisol de Razas.<\/p>\n\n<hr>\n\n<h2 class=\"wp-block-heading\"><span class=\"ez-toc-section\" id=\"Actividades_del_Crisol_de_Razas_en_Panama_2014\"><\/span>Actividades del Crisol de Razas en Panam\u00e1 2014<span class=\"ez-toc-section-end\"><\/span><\/h2>\n\n<p>El Crisol de Razas en Panam\u00e1 2014 se llev\u00f3 a cabo durante dos d\u00edas, 25 y 26 de octubre, en el Parque Omar de la ciudad de Panam\u00e1. Durante estos d\u00edas, las personas pudieron disfrutar de diversas actividades culturales, gastron\u00f3micas y educativas, que buscaban promover el conocimiento y el respeto por las diferentes culturas que conviven en el pa\u00eds.<\/p>\n\n<p>Entre las actividades m\u00e1s destacadas estuvo la Feria de Etnias, donde se instalaron 17 stands, cada uno representando a una etnia o grupo cultural del pa\u00eds. En estos stands, se mostraron y vendieron productos t\u00edpicos de cada grupo, como artesan\u00edas, textiles, alimentos y bebidas. Los asistentes tambi\u00e9n tuvieron la oportunidad de conocer m\u00e1s sobre las tradiciones, costumbres y creencias de cada etnia, gracias a las presentaciones culturales que se realizaron durante todo el d\u00eda.<\/p>\n\n<p>Otra actividad destacada fue el Desfile de Etnias, en el que participaron m\u00e1s de 30 delegaciones de diferentes comunidades ind\u00edgenas y grupos culturales, quienes mostraron sus trajes t\u00edpicos y realizaron presentaciones art\u00edsticas y musicales. Este desfile fue una muestra colorida y emocionante de la diversidad cultural de Panam\u00e1.<\/p>\n\n<p>Tambi\u00e9n se llevaron a cabo conferencias y charlas sobre temas como la historia y la importancia de la identidad cultural en Panam\u00e1, el respeto a los derechos de los pueblos ind\u00edgenas y la promoci\u00f3n de la tolerancia y la inclusi\u00f3n en la sociedad. Adem\u00e1s, los asistentes pudieron disfrutar de la muestra de cine \u00abCine Multicolor\u00bb, donde se proyectaron pel\u00edculas de diferentes pa\u00edses de Latinoam\u00e9rica y el Caribe, con el objetivo de mostrar la diversidad de nuestra regi\u00f3n.<\/p>\n\n<hr>\n\n<h2 class=\"wp-block-heading\"><span class=\"ez-toc-section\" id=\"Impacto_del_Crisol_de_Razas_en_Panama\"><\/span>Impacto del Crisol de Razas en Panam\u00e1<span class=\"ez-toc-section-end\"><\/span><\/h2>\n\n<p>El Crisol de Razas en Panam\u00e1 2014 fue un evento que tuvo un impacto positivo en la sociedad paname\u00f1a. En primer lugar, permiti\u00f3 la promoci\u00f3n y difusi\u00f3n de las culturas y etnias que conviven en el pa\u00eds, lo que contribuye a fortalecer la identidad nacional y el reconocimiento de la diversidad como un valor importante en la construcci\u00f3n de una sociedad m\u00e1s pr\u00f3spera y equitativa.<\/p>\n\n<p>Tambi\u00e9n permiti\u00f3 una mayor integraci\u00f3n y convivencia entre las diferentes comunidades, promoviendo la tolerancia y el respeto por las diferencias culturales y \u00e9tnicas. Se evidenci\u00f3 una gran aceptaci\u00f3n y participaci\u00f3n de todas las etnias en el evento, lo que demuestra que este tipo de iniciativas son fundamentales para construir una sociedad m\u00e1s inclusiva y justa.<\/p>\n\n<p>A nivel econ\u00f3mico, el Crisol de Razas tambi\u00e9n tuvo un impacto positivo, ya que permiti\u00f3 el impulso de la econom\u00eda local. Muchos artesanos y productores locales tuvieron la oportunidad de vender sus productos y promover su trabajo a un p\u00fablico m\u00e1s amplio, lo que contribuye a mejorar su calidad de vida y la de sus comunidades.<\/p>\n\n<hr>\n\n<h2 class=\"wp-block-heading\"><span class=\"ez-toc-section\" id=\"Conclusiones\"><\/span>Conclusiones<span class=\"ez-toc-section-end\"><\/span><\/h2>\n\n<p>El Crisol de Razas en Panam\u00e1 2014 fue un evento que demostr\u00f3 la importancia de celebrar y promover la diversidad cultural y \u00e9tnica en nuestro pa\u00eds. Gracias a este evento, se reconoce y se valora la riqueza de las diferentes etnias y culturas que conforman a la sociedad paname\u00f1a, y se promueve una convivencia pac\u00edfica y tolerante entre todos.<\/p>\n\n<p>Esperamos que iniciativas como esta se sigan realizando en el futuro, y que sigan siendo un espacio para reconocer, valorar y promover la diversidad que nos hace \u00fanicos como pa\u00eds. Adem\u00e1s, es importante que como ciudadanos continuemos fomentando la tolerancia y el respeto por las diferencias culturales, y que trabajemos juntos para construir una sociedad m\u00e1s justa e inclusiva para todos.<\/p>","protected":false},"excerpt":{"rendered":"<p>Crisol de Razas en Panam\u00e1 2014: Un Evento Multicultural que Celebra la Diversidad El Crisol de Razas en Panam\u00e1&#8230;<\/p>\n","protected":false},"author":1,"featured_media":0,"comment_status":"open","ping_status":"closed","sticky":false,"template":"","format":"standard","meta":{"_uag_custom_page_level_css":"","_kadence_starter_templates_imported_post":false,"_kad_post_transparent":"","_kad_post_title":"","_kad_post_layout":"","_kad_post_sidebar_id":"","_kad_post_content_style":"","_kad_post_vertical_padding":"","_kad_post_feature":"","_kad_post_feature_position":"","_kad_post_header":false,"_kad_post_footer":false,"footnotes":""},"categories":[3],"tags":[],"class_list":["post-1753810","post","type-post","status-publish","format-standard","hentry","category-tramites"],"uagb_featured_image_src":{"full":false,"thumbnail":false,"medium":false,"medium_large":false,"large":false,"1536x1536":false,"2048x2048":false},"uagb_author_info":{"display_name":"Renovar Papeles","author_link":"https:\/\/www.renovarpapeles.com\/tramites\/author\/admin\/"},"uagb_comment_info":1,"uagb_excerpt":"Crisol de Razas en Panam\u00e1 2014: Un Evento Multicultural que Celebra la Diversidad El Crisol de Razas en Panam\u00e1...","_links":{"self":[{"href":"https:\/\/www.renovarpapeles.com\/tramites\/wp-json\/wp\/v2\/posts\/1753810","targetHints":{"allow":["GET"]}}],"collection":[{"href":"https:\/\/www.renovarpapeles.com\/tramites\/wp-json\/wp\/v2\/posts"}],"about":[{"href":"https:\/\/www.renovarpapeles.com\/tramites\/wp-json\/wp\/v2\/types\/post"}],"author":[{"embeddable":true,"href":"https:\/\/www.renovarpapeles.com\/tramites\/wp-json\/wp\/v2\/users\/1"}],"replies":[{"embeddable":true,"href":"https:\/\/www.renovarpapeles.com\/tramites\/wp-json\/wp\/v2\/comments?post=1753810"}],"version-history":[{"count":0,"href":"https:\/\/www.renovarpapeles.com\/tramites\/wp-json\/wp\/v2\/posts\/1753810\/revisions"}],"wp:attachment":[{"href":"https:\/\/www.renovarpapeles.com\/tramites\/wp-json\/wp\/v2\/media?parent=1753810"}],"wp:term":[{"taxonomy":"category","embeddable":true,"href":"https:\/\/www.renovarpapeles.com\/tramites\/wp-json\/wp\/v2\/categories?post=1753810"},{"taxonomy":"post_tag","embeddable":true,"href":"https:\/\/www.renovarpapeles.com\/tramites\/wp-json\/wp\/v2\/tags?post=1753810"}],"curies":[{"name":"wp","href":"https:\/\/api.w.org\/{rel}","templated":true}]}}