{"id":1723290,"date":"2024-03-24T22:32:27","date_gmt":"2024-03-24T22:32:27","guid":{"rendered":"https:\/\/www.renovarpapeles.com\/tramites\/?p=1723290"},"modified":"2024-03-24T22:25:40","modified_gmt":"2024-03-24T22:25:40","slug":"no-me-acuerdo-cuando-tengo-que-sellar-el-paro","status":"publish","type":"post","link":"https:\/\/www.renovarpapeles.com\/tramites\/no-me-acuerdo-cuando-tengo-que-sellar-el-paro\/","title":{"rendered":"No Me Acuerdo Cuando Tengo que Sellar el Paro"},"content":{"rendered":"\n\n\n\n<title>\u00bfNo me acuerdo cuando tengo que sellar el paro? Descubre aqu\u00ed la respuesta | Expertos en tr\u00e1mites online<\/title>\n\n\n<div id=\"ez-toc-container\" class=\"ez-toc-v2_0_81 counter-hierarchy ez-toc-counter ez-toc-custom ez-toc-container-direction\">\n<div class=\"ez-toc-title-container\">\n<p class=\"ez-toc-title\" style=\"cursor:inherit\">Contenidos<\/p>\n<span class=\"ez-toc-title-toggle\"><a href=\"#\" class=\"ez-toc-pull-right ez-toc-btn ez-toc-btn-xs ez-toc-btn-default ez-toc-toggle\" aria-label=\"Alternar tabla de contenidos\"><span class=\"ez-toc-js-icon-con\"><span class=\"\"><span class=\"eztoc-hide\" style=\"display:none;\">Toggle<\/span><span class=\"ez-toc-icon-toggle-span\"><svg style=\"fill: #333333;color:#333333\" xmlns=\"http:\/\/www.w3.org\/2000\/svg\" class=\"list-377408\" width=\"20px\" height=\"20px\" viewBox=\"0 0 24 24\" fill=\"none\"><path d=\"M6 6H4v2h2V6zm14 0H8v2h12V6zM4 11h2v2H4v-2zm16 0H8v2h12v-2zM4 16h2v2H4v-2zm16 0H8v2h12v-2z\" fill=\"currentColor\"><\/path><\/svg><svg style=\"fill: #333333;color:#333333\" class=\"arrow-unsorted-368013\" xmlns=\"http:\/\/www.w3.org\/2000\/svg\" width=\"10px\" height=\"10px\" viewBox=\"0 0 24 24\" version=\"1.2\" baseProfile=\"tiny\"><path d=\"M18.2 9.3l-6.2-6.3-6.2 6.3c-.2.2-.3.4-.3.7s.1.5.3.7c.2.2.4.3.7.3h11c.3 0 .5-.1.7-.3.2-.2.3-.5.3-.7s-.1-.5-.3-.7zM5.8 14.7l6.2 6.3 6.2-6.3c.2-.2.3-.5.3-.7s-.1-.5-.3-.7c-.2-.2-.4-.3-.7-.3h-11c-.3 0-.5.1-.7.3-.2.2-.3.5-.3.7s.1.5.3.7z\"\/><\/svg><\/span><\/span><\/span><\/a><\/span><\/div>\n<nav><ul class='ez-toc-list ez-toc-list-level-1 ' ><li class='ez-toc-page-1 ez-toc-heading-level-2'><a class=\"ez-toc-link ez-toc-heading-1\" href=\"https:\/\/www.renovarpapeles.com\/tramites\/no-me-acuerdo-cuando-tengo-que-sellar-el-paro\/#%C2%BFNo_me_acuerdo_cuando_tengo_que_sellar_el_paro\" >\u00bfNo me acuerdo cuando tengo que sellar el paro?<\/a><\/li><li class='ez-toc-page-1 ez-toc-heading-level-2'><a class=\"ez-toc-link ez-toc-heading-2\" href=\"https:\/\/www.renovarpapeles.com\/tramites\/no-me-acuerdo-cuando-tengo-que-sellar-el-paro\/#%C2%BFQue_es_el_sellado_del_paro\" >\u00bfQu\u00e9 es el sellado del paro?<\/a><\/li><li class='ez-toc-page-1 ez-toc-heading-level-2'><a class=\"ez-toc-link ez-toc-heading-3\" href=\"https:\/\/www.renovarpapeles.com\/tramites\/no-me-acuerdo-cuando-tengo-que-sellar-el-paro\/#%C2%BFCuando_debo_sellar_mi_paro\" >\u00bfCu\u00e1ndo debo sellar mi paro?<\/a><ul class='ez-toc-list-level-3' ><li class='ez-toc-heading-level-3'><a class=\"ez-toc-link ez-toc-heading-4\" href=\"https:\/\/www.renovarpapeles.com\/tramites\/no-me-acuerdo-cuando-tengo-que-sellar-el-paro\/#Sellar_el_paro_cada_tres_meses\" >Sellar el paro cada tres meses<\/a><\/li><li class='ez-toc-page-1 ez-toc-heading-level-3'><a class=\"ez-toc-link ez-toc-heading-5\" href=\"https:\/\/www.renovarpapeles.com\/tramites\/no-me-acuerdo-cuando-tengo-que-sellar-el-paro\/#Sellar_el_paro_cada_dos_meses\" >Sellar el paro cada dos meses<\/a><\/li><li class='ez-toc-page-1 ez-toc-heading-level-3'><a class=\"ez-toc-link ez-toc-heading-6\" href=\"https:\/\/www.renovarpapeles.com\/tramites\/no-me-acuerdo-cuando-tengo-que-sellar-el-paro\/#Sellar_el_paro_cada_mes\" >Sellar el paro cada mes<\/a><\/li><\/ul><\/li><li class='ez-toc-page-1 ez-toc-heading-level-2'><a class=\"ez-toc-link ez-toc-heading-7\" href=\"https:\/\/www.renovarpapeles.com\/tramites\/no-me-acuerdo-cuando-tengo-que-sellar-el-paro\/#%C2%BFComo_puedo_saber_la_fecha_exacta_de_mi_sellado_del_paro\" >\u00bfC\u00f3mo puedo saber la fecha exacta de mi sellado del paro?<\/a><\/li><li class='ez-toc-page-1 ez-toc-heading-level-2'><a class=\"ez-toc-link ez-toc-heading-8\" href=\"https:\/\/www.renovarpapeles.com\/tramites\/no-me-acuerdo-cuando-tengo-que-sellar-el-paro\/#%C2%BFQue_consecuencias_tiene_no_sellar_el_paro_a_tiempo\" >\u00bfQu\u00e9 consecuencias tiene no sellar el paro a tiempo?<\/a><\/li><li class='ez-toc-page-1 ez-toc-heading-level-2'><a class=\"ez-toc-link ez-toc-heading-9\" href=\"https:\/\/www.renovarpapeles.com\/tramites\/no-me-acuerdo-cuando-tengo-que-sellar-el-paro\/#Conclusion\" >Conclusi\u00f3n<\/a><\/li><\/ul><\/nav><\/div>\n<h2><span class=\"ez-toc-section\" id=\"%C2%BFNo_me_acuerdo_cuando_tengo_que_sellar_el_paro\"><\/span>\u00bfNo me acuerdo cuando tengo que sellar el paro?<span class=\"ez-toc-section-end\"><\/span><\/h2>\n<p>Si has perdido la noci\u00f3n de cuando debes sellar el paro, no te preocupes, no est\u00e1s solo. Con la cantidad de tr\u00e1mites y responsabilidades que tenemos en nuestras vidas, es normal que a veces se nos olvide algo. Sin embargo, sellar el paro es un paso fundamental para mantener nuestra prestaci\u00f3n o subsidio por desempleo, por lo que es importante recordar cu\u00e1ndo debemos hacerlo. En este art\u00edculo, como expertos en tr\u00e1mites online, te explicaremos todo lo que necesitas saber sobre la fecha de sellado del paro.<\/p>\n<h2 class=\"wp-block-heading\"><span class=\"ez-toc-section\" id=\"%C2%BFQue_es_el_sellado_del_paro\"><\/span>\u00bfQu\u00e9 es el sellado del paro?<span class=\"ez-toc-section-end\"><\/span><\/h2>\n<p>Antes de entrar en detalles sobre la fecha de sellado, es importante entender en qu\u00e9 consiste exactamente este tr\u00e1mite. Sellar el paro es un procedimiento que debemos realizar cada cierto tiempo para renovar nuestra demanda de empleo ante el Servicio P\u00fablico de Empleo Estatal (SEPE) y continuar recibiendo la prestaci\u00f3n o subsidio por desempleo. B\u00e1sicamente, es una forma de mantener actualizada nuestra situaci\u00f3n laboral y demostrar que seguimos buscando empleo activamente.<\/p>\n<h2 class=\"wp-block-heading\"><span class=\"ez-toc-section\" id=\"%C2%BFCuando_debo_sellar_mi_paro\"><\/span>\u00bfCu\u00e1ndo debo sellar mi paro?<span class=\"ez-toc-section-end\"><\/span><\/h2>\n<p>Ahora que sabemos qu\u00e9 es sellar el paro, es hora de hablar de fechas. Dependiendo de tu situaci\u00f3n, la frecuencia y el plazo para el sellado pueden variar. Vamos a detallar cada caso:<\/p>\n<h3><span class=\"ez-toc-section\" id=\"Sellar_el_paro_cada_tres_meses\"><\/span>Sellar el paro cada tres meses<span class=\"ez-toc-section-end\"><\/span><\/h3>\n<p>Si eres demandante de empleo y est\u00e1s cobrando una prestaci\u00f3n contributiva o un subsidio por desempleo, deber\u00e1s sellar tu paro cada tres meses. El plazo para hacerlo es entre los d\u00edas 10 y 15 del mes siguiente al trimestre natural en el que hayas iniciado tu prestaci\u00f3n o subsidio. Por ejemplo, si empezaste a cobrar tu prestaci\u00f3n el 4 de enero, deber\u00e1s sellar tu paro entre el 10 y el 15 de abril.<\/p>\n<h3><span class=\"ez-toc-section\" id=\"Sellar_el_paro_cada_dos_meses\"><\/span>Sellar el paro cada dos meses<span class=\"ez-toc-section-end\"><\/span><\/h3>\n<p>Si est\u00e1s en la misma situaci\u00f3n anterior pero eres menor de 30 a\u00f1os, el plazo de sellado se reduce a cada dos meses. Es decir, deber\u00e1s realizar este tr\u00e1mite entre los d\u00edas 10 y 15 de cada mes par. Siguiendo con el ejemplo anterior, si empezaste a cobrar tu prestaci\u00f3n el 4 de enero, deber\u00e1s sellar tu paro entre el 10 y el 15 de febrero, y luego entre el 10 y el 15 de abril.<\/p>\n<h3><span class=\"ez-toc-section\" id=\"Sellar_el_paro_cada_mes\"><\/span>Sellar el paro cada mes<span class=\"ez-toc-section-end\"><\/span><\/h3>\n<p>Si est\u00e1s en alguna de estas dos situaciones, deber\u00e1s sellar tu paro cada mes:<\/p>\n<ul>\n <li>Trabajador menor de 25 a\u00f1os o mayor de 45 a\u00f1os en el primer mes de su prestaci\u00f3n o subsidio por desempleo.<\/li>\n <li>Trabajador que, encontr\u00e1ndose en desempleo, ha rechazado una oferta de empleo adecuada o no se ha presentado a un curso de formaci\u00f3n.<\/li>\n<\/ul>\n<p>En estos casos, el plazo de sellado es entre los d\u00edas 1 y 10 de cada mes. Siguiendo con el ejemplo anterior, si empezaste a cobrar tu prestaci\u00f3n el 4 de enero, deber\u00e1s sellar tu paro entre el 1 y el 10 de febrero, y luego cada mes en los mismos d\u00edas.<\/p>\n<h2 class=\"wp-block-heading\"><span class=\"ez-toc-section\" id=\"%C2%BFComo_puedo_saber_la_fecha_exacta_de_mi_sellado_del_paro\"><\/span>\u00bfC\u00f3mo puedo saber la fecha exacta de mi sellado del paro?<span class=\"ez-toc-section-end\"><\/span><\/h2>\n<p>Si a\u00fan no te queda claro en qu\u00e9 fecha debes sellar tu paro, no te preocupes. La forma m\u00e1s f\u00e1cil de saberlo es consultando tu tarjeta de demanda de empleo. En ella podr\u00e1s ver la fecha del \u00faltimo sellado y, a partir de ah\u00ed, calcular cuando deber\u00e1s hacer el siguiente. Tambi\u00e9n puedes acceder a trav\u00e9s de la p\u00e1gina web del SEPE, introduciendo tu N\u00famero de Identidad de Extranjero (NIE) y tu clave de usuario.<\/p>\n<h2 class=\"wp-block-heading\"><span class=\"ez-toc-section\" id=\"%C2%BFQue_consecuencias_tiene_no_sellar_el_paro_a_tiempo\"><\/span>\u00bfQu\u00e9 consecuencias tiene no sellar el paro a tiempo?<span class=\"ez-toc-section-end\"><\/span><\/h2>\n<p>Como mencionamos al principio, sellar el paro es un paso fundamental para mantener nuestra prestaci\u00f3n o subsidio por desempleo. Por ello, si no lo hacemos en la fecha indicada, podemos enfrentarnos a algunas consecuencias negativas como:<\/p>\n<ul>\n <li>Dejar de percibir la prestaci\u00f3n o el subsidio por ese mes.<\/li>\n <li>Recibir una penalizaci\u00f3n econ\u00f3mica.<\/li>\n <li>Perder la antig\u00fcedad en la demanda de empleo.<\/li>\n<\/ul>\n<p>En caso de que se haya pasado el plazo para sellar el paro, es importante que te pongas en contacto lo antes posible con el SEPE para regularizar tu situaci\u00f3n.<\/p>\n<h2 class=\"wp-block-heading\"><span class=\"ez-toc-section\" id=\"Conclusion\"><\/span>Conclusi\u00f3n<span class=\"ez-toc-section-end\"><\/span><\/h2>\n<p>En resumen, sellar el paro es un tr\u00e1mite que debemos realizar cada cierto tiempo para renovar nuestra demanda de empleo y continuar recibiendo la prestaci\u00f3n o subsidio por desempleo. La frecuencia y el plazo de sellado pueden variar dependiendo de nuestra situaci\u00f3n, pero siempre es importante recordar cu\u00e1ndo debemos hacerlo para evitar consecuencias negativas. Esperamos que este art\u00edculo te haya sido de ayuda para acabar con la duda de \u00abno me acuerdo cuando tengo que sellar el paro\u00bb. Recuerda siempre consultar tu tarjeta de demanda de empleo o acceder a la web del SEPE para conocer la fecha exacta de tu sellado.<\/p>\n<p>En <b>expertos en tr\u00e1mites online<\/b>, estamos comprometidos en ayudarte a resolver todas tus dudas sobre tr\u00e1mites y gestiones para que puedas ahorrar tiempo y realizarlos de forma eficaz y eficiente. \u00a1No dudes en contactarnos para cualquier consulta que tengas!<\/p>\n\n","protected":false},"excerpt":{"rendered":"<p>\u00bfNo me acuerdo cuando tengo que sellar el paro? Descubre aqu\u00ed la respuesta | Expertos en tr\u00e1mites online \u00bfNo&#8230;<\/p>\n","protected":false},"author":1,"featured_media":0,"comment_status":"open","ping_status":"closed","sticky":false,"template":"","format":"standard","meta":{"_uag_custom_page_level_css":"","_kadence_starter_templates_imported_post":false,"_kad_post_transparent":"","_kad_post_title":"","_kad_post_layout":"","_kad_post_sidebar_id":"","_kad_post_content_style":"","_kad_post_vertical_padding":"","_kad_post_feature":"","_kad_post_feature_position":"","_kad_post_header":false,"_kad_post_footer":false,"footnotes":""},"categories":[3],"tags":[],"class_list":["post-1723290","post","type-post","status-publish","format-standard","hentry","category-tramites"],"uagb_featured_image_src":{"full":false,"thumbnail":false,"medium":false,"medium_large":false,"large":false,"1536x1536":false,"2048x2048":false},"uagb_author_info":{"display_name":"Renovar Papeles","author_link":"https:\/\/www.renovarpapeles.com\/tramites\/author\/admin\/"},"uagb_comment_info":2,"uagb_excerpt":"\u00bfNo me acuerdo cuando tengo que sellar el paro? Descubre aqu\u00ed la respuesta | Expertos en tr\u00e1mites online \u00bfNo...","_links":{"self":[{"href":"https:\/\/www.renovarpapeles.com\/tramites\/wp-json\/wp\/v2\/posts\/1723290","targetHints":{"allow":["GET"]}}],"collection":[{"href":"https:\/\/www.renovarpapeles.com\/tramites\/wp-json\/wp\/v2\/posts"}],"about":[{"href":"https:\/\/www.renovarpapeles.com\/tramites\/wp-json\/wp\/v2\/types\/post"}],"author":[{"embeddable":true,"href":"https:\/\/www.renovarpapeles.com\/tramites\/wp-json\/wp\/v2\/users\/1"}],"replies":[{"embeddable":true,"href":"https:\/\/www.renovarpapeles.com\/tramites\/wp-json\/wp\/v2\/comments?post=1723290"}],"version-history":[{"count":0,"href":"https:\/\/www.renovarpapeles.com\/tramites\/wp-json\/wp\/v2\/posts\/1723290\/revisions"}],"wp:attachment":[{"href":"https:\/\/www.renovarpapeles.com\/tramites\/wp-json\/wp\/v2\/media?parent=1723290"}],"wp:term":[{"taxonomy":"category","embeddable":true,"href":"https:\/\/www.renovarpapeles.com\/tramites\/wp-json\/wp\/v2\/categories?post=1723290"},{"taxonomy":"post_tag","embeddable":true,"href":"https:\/\/www.renovarpapeles.com\/tramites\/wp-json\/wp\/v2\/tags?post=1723290"}],"curies":[{"name":"wp","href":"https:\/\/api.w.org\/{rel}","templated":true}]}}