{"id":1491141,"date":"2024-04-05T00:40:45","date_gmt":"2024-04-05T00:40:45","guid":{"rendered":"https:\/\/www.renovarpapeles.com\/tramites\/?p=1491141"},"modified":"2024-04-05T00:34:37","modified_gmt":"2024-04-05T00:34:37","slug":"sef-cartagena-sellar-paro","status":"publish","type":"post","link":"https:\/\/www.renovarpapeles.com\/tramites\/sef-cartagena-sellar-paro\/","title":{"rendered":"Sef Cartagena Sellar Paro"},"content":{"rendered":"<div id=\"ez-toc-container\" class=\"ez-toc-v2_0_81 counter-hierarchy ez-toc-counter ez-toc-custom ez-toc-container-direction\">\n<div class=\"ez-toc-title-container\">\n<p class=\"ez-toc-title\" style=\"cursor:inherit\">Contenidos<\/p>\n<span class=\"ez-toc-title-toggle\"><a href=\"#\" class=\"ez-toc-pull-right ez-toc-btn ez-toc-btn-xs ez-toc-btn-default ez-toc-toggle\" aria-label=\"Alternar tabla de contenidos\"><span class=\"ez-toc-js-icon-con\"><span class=\"\"><span class=\"eztoc-hide\" style=\"display:none;\">Toggle<\/span><span class=\"ez-toc-icon-toggle-span\"><svg style=\"fill: #333333;color:#333333\" xmlns=\"http:\/\/www.w3.org\/2000\/svg\" class=\"list-377408\" width=\"20px\" height=\"20px\" viewBox=\"0 0 24 24\" fill=\"none\"><path d=\"M6 6H4v2h2V6zm14 0H8v2h12V6zM4 11h2v2H4v-2zm16 0H8v2h12v-2zM4 16h2v2H4v-2zm16 0H8v2h12v-2z\" fill=\"currentColor\"><\/path><\/svg><svg style=\"fill: #333333;color:#333333\" class=\"arrow-unsorted-368013\" xmlns=\"http:\/\/www.w3.org\/2000\/svg\" width=\"10px\" height=\"10px\" viewBox=\"0 0 24 24\" version=\"1.2\" baseProfile=\"tiny\"><path d=\"M18.2 9.3l-6.2-6.3-6.2 6.3c-.2.2-.3.4-.3.7s.1.5.3.7c.2.2.4.3.7.3h11c.3 0 .5-.1.7-.3.2-.2.3-.5.3-.7s-.1-.5-.3-.7zM5.8 14.7l6.2 6.3 6.2-6.3c.2-.2.3-.5.3-.7s-.1-.5-.3-.7c-.2-.2-.4-.3-.7-.3h-11c-.3 0-.5.1-.7.3-.2.2-.3.5-.3.7s.1.5.3.7z\"\/><\/svg><\/span><\/span><\/span><\/a><\/span><\/div>\n<nav><ul class='ez-toc-list ez-toc-list-level-1 ' ><li class='ez-toc-page-1 ez-toc-heading-level-2'><a class=\"ez-toc-link ez-toc-heading-1\" href=\"https:\/\/www.renovarpapeles.com\/tramites\/sef-cartagena-sellar-paro\/#%C2%BFComo_sellar_el_paro_en_Sef_Cartagena\" >\u00bfC\u00f3mo sellar el paro en Sef Cartagena?<\/a><ul class='ez-toc-list-level-3' ><li class='ez-toc-heading-level-3'><a class=\"ez-toc-link ez-toc-heading-2\" href=\"https:\/\/www.renovarpapeles.com\/tramites\/sef-cartagena-sellar-paro\/#%C2%BFQue_es_el_sellado_de_paro_y_por_que_es_necesario\" >\u00bfQu\u00e9 es el sellado de paro y por qu\u00e9 es necesario?<\/a><\/li><li class='ez-toc-page-1 ez-toc-heading-level-3'><a class=\"ez-toc-link ez-toc-heading-3\" href=\"https:\/\/www.renovarpapeles.com\/tramites\/sef-cartagena-sellar-paro\/#%C2%BFComo_sellar_el_paro_en_el_SEF_Cartagena\" >\u00bfC\u00f3mo sellar el paro en el SEF Cartagena?<\/a><ul class='ez-toc-list-level-4' ><li class='ez-toc-heading-level-4'><a class=\"ez-toc-link ez-toc-heading-4\" href=\"https:\/\/www.renovarpapeles.com\/tramites\/sef-cartagena-sellar-paro\/#Sellado_de_paro_presencial_en_el_SEF_Cartagena\" >Sellado de paro presencial en el SEF Cartagena<\/a><\/li><li class='ez-toc-page-1 ez-toc-heading-level-4'><a class=\"ez-toc-link ez-toc-heading-5\" href=\"https:\/\/www.renovarpapeles.com\/tramites\/sef-cartagena-sellar-paro\/#Sellado_de_paro_online_en_el_SEF_Cartagena\" >Sellado de paro online en el SEF Cartagena<\/a><\/li><\/ul><\/li><li class='ez-toc-page-1 ez-toc-heading-level-3'><a class=\"ez-toc-link ez-toc-heading-6\" href=\"https:\/\/www.renovarpapeles.com\/tramites\/sef-cartagena-sellar-paro\/#%C2%BFQue_ocurre_si_no_se_sella_el_paro_en_el_SEF_Cartagena\" >\u00bfQu\u00e9 ocurre si no se sella el paro en el SEF Cartagena?<\/a><\/li><li class='ez-toc-page-1 ez-toc-heading-level-3'><a class=\"ez-toc-link ez-toc-heading-7\" href=\"https:\/\/www.renovarpapeles.com\/tramites\/sef-cartagena-sellar-paro\/#En_resumen%E2%80%A6\" >En resumen&#8230;<\/a><\/li><\/ul><\/li><\/ul><\/nav><\/div>\n<h2 class=\"wp-block-heading\"><span class=\"ez-toc-section\" id=\"%C2%BFComo_sellar_el_paro_en_Sef_Cartagena\"><\/span>\u00bfC\u00f3mo sellar el paro en Sef Cartagena?<span class=\"ez-toc-section-end\"><\/span><\/h2>\n\n<p>Si est\u00e1s en la ciudad de Cartagena y necesitas sellar tu paro, no te preocupes, puedes hacerlo de forma r\u00e1pida y sencilla a trav\u00e9s del Servicio de Empleo y Formaci\u00f3n (SEF) de la Regi\u00f3n de Murcia. El SEF es el organismo encargado de gestionar las pol\u00edticas de empleo en la comunidad aut\u00f3noma, y cuenta con una amplia red de oficinas f\u00edsicas y una plataforma online para realizar tr\u00e1mites relacionados con el empleo. A continuaci\u00f3n, te explicamos c\u00f3mo sellar el paro en Cartagena a trav\u00e9s del SEF de manera segura y eficiente.<\/p>\n\n<h3><span class=\"ez-toc-section\" id=\"%C2%BFQue_es_el_sellado_de_paro_y_por_que_es_necesario\"><\/span>\u00bfQu\u00e9 es el sellado de paro y por qu\u00e9 es necesario?<span class=\"ez-toc-section-end\"><\/span><\/h3>\n\n<p>El sellado de paro es un tr\u00e1mite que deben realizar todas las personas que est\u00e9n en situaci\u00f3n de desempleo y est\u00e9n registradas en el SEF. Consiste en renovar la demanda de empleo en un per\u00edodo determinado de tiempo, lo que confirma que la persona sigue en b\u00fasqueda activa de empleo y que mantiene su disponibilidad para trabajar. Este tr\u00e1mite es fundamental para seguir recibiendo las prestaciones y ayudas por desempleo, ya que de lo contrario, se corre el riesgo de perderlas.<\/p>\n\n<h3><span class=\"ez-toc-section\" id=\"%C2%BFComo_sellar_el_paro_en_el_SEF_Cartagena\"><\/span>\u00bfC\u00f3mo sellar el paro en el SEF Cartagena?<span class=\"ez-toc-section-end\"><\/span><\/h3>\n\n<p>El sellado de paro se puede realizar de forma presencial en cualquiera de las oficinas del SEF en Cartagena, o a trav\u00e9s de la plataforma online del SEF. A continuaci\u00f3n, te explicamos los pasos para sellar el paro en ambas modalidades.<\/p>\n\n<h4><span class=\"ez-toc-section\" id=\"Sellado_de_paro_presencial_en_el_SEF_Cartagena\"><\/span>Sellado de paro presencial en el SEF Cartagena<span class=\"ez-toc-section-end\"><\/span><\/h4>\n\n<p>Si prefieres realizar el tr\u00e1mite de forma presencial, puedes acudir a cualquiera de las oficinas del SEF en Cartagena en horario de atenci\u00f3n al p\u00fablico. Debes llevar contigo tu DNI o NIE, as\u00ed como tu tarjeta de demandante de empleo. Una vez all\u00ed, podr\u00e1s solicitar un n\u00famero de orden o cita previa en el mostrador de atenci\u00f3n al p\u00fablico. Cuando sea tu turno, deber\u00e1s entregar los documentos mencionados y completar el formulario de sellado de paro. Una vez entregado, el funcionario te indicar\u00e1 cu\u00e1ndo deber\u00e1s volver a realizar el tr\u00e1mite (normalmente, cada tres meses).<\/p>\n\n<h4><span class=\"ez-toc-section\" id=\"Sellado_de_paro_online_en_el_SEF_Cartagena\"><\/span>Sellado de paro online en el SEF Cartagena<span class=\"ez-toc-section-end\"><\/span><\/h4>\n\n<p>El SEF tambi\u00e9n cuenta con una plataforma en l\u00ednea que permite realizar el sellado de paro de forma r\u00e1pida y sencilla, sin necesidad de acudir a una oficina f\u00edsica. Si quieres sellar el paro por internet, sigue estos pasos:<\/p>\n\n<ul>\n<li>Accede a la <a href=\"\" target=\"_blank\" rel=\"noopener\">p\u00e1gina web del SEF<\/a> y selecciona la opci\u00f3n \u00abAcceso a Servicios Online\u00bb.<\/li>\n<li>Dentro de la plataforma, busca la secci\u00f3n de \u00abSellado de Demanda\u00bb y haz clic en \u00abAcceder\u00bb.<\/li>\n<li>Introduce tu DNI o NIE y tu n\u00famero de tarjeta de demandante de empleo en los campos correspondientes y pulsa \u00abAceptar\u00bb.<\/li>\n<li>Ver\u00e1s la opci\u00f3n para \u00abSellar Demanda\u00bb. Haz clic en esa opci\u00f3n y sigue las instrucciones que aparecer\u00e1n en pantalla para completar el tr\u00e1mite.<\/li>\n<li>Comprueba que todos los datos introducidos son correctos y confirma el sellado de tu demanda.<\/li>\n<\/ul>\n\n<p>En caso de que tengas alg\u00fan problema durante el proceso de sellado de paro online, puedes ponerte en contacto con el Servicio de Atenci\u00f3n Telef\u00f3nica del SEF a trav\u00e9s del n\u00famero 012 (si est\u00e1s en la Regi\u00f3n de Murcia) o al 968 362 000 (si llamas desde fuera de la regi\u00f3n).<\/p>\n\n<h3><span class=\"ez-toc-section\" id=\"%C2%BFQue_ocurre_si_no_se_sella_el_paro_en_el_SEF_Cartagena\"><\/span>\u00bfQu\u00e9 ocurre si no se sella el paro en el SEF Cartagena?<span class=\"ez-toc-section-end\"><\/span><\/h3>\n\n<p>Como ya hemos mencionado, no sellar el paro en el SEF de forma peri\u00f3dica puede acarrear la p\u00e9rdida de las prestaciones o ayudas por desempleo. Pero, \u00bfqu\u00e9 ocurre si no se sella el paro en el SEF Cartagena?<\/p>\n\n<p>En primer lugar, es importante destacar que el SEF suele enviar recordatorios a trav\u00e9s de SMS o correo electr\u00f3nico para avisar de la fecha en que se debe realizar el sellado de paro, por lo que es importante mantener actualizados los datos de contacto en su sistema.<\/p>\n\n<p>En caso de que se haya olvidado o no se haya podido realizar el sellado de paro en el plazo establecido, se podr\u00e1 realizar el tr\u00e1mite en la oficina del SEF en un plazo m\u00e1ximo de 15 d\u00edas despu\u00e9s de la fecha indicada en la tarjeta de demandante de empleo. Pasado este plazo, se perder\u00e1n las oportunidades de recibir las prestaciones o ayudas por desempleo durante el per\u00edodo en el que no se haya sellado la demanda.<\/p>\n\n<p>Otro posible escenario es el de encontrarse fuera de la Regi\u00f3n de Murcia en el momento en que se debe realizar el sellado de paro. En este caso, es necesario solicitar el traslado de la demanda a la oficina del SEF correspondiente del lugar donde se encuentre la persona en ese momento, para poder realizar el sellado de forma presencial. En caso contrario, se podr\u00eda perder la prestaci\u00f3n por desempleo durante ese per\u00edodo.<\/p>\n\n<h3><span class=\"ez-toc-section\" id=\"En_resumen%E2%80%A6\"><\/span>En resumen&#8230;<span class=\"ez-toc-section-end\"><\/span><\/h3>\n\n<p>Sellar el paro en el SEF de Cartagena es un tr\u00e1mite fundamental para mantener la demanda de empleo activa y seguir recibiendo las prestaciones y ayudas por desempleo. Aunque se pueden realizar de forma presencial en las oficinas del SEF, cada vez son m\u00e1s las personas que optan por realizar el tr\u00e1mite por internet, gracias a la plataforma online del SEF. Recuerda que es necesario realizar el sellado de forma peri\u00f3dica para no perder las prestaciones y ayudas, y en caso de olvidarlo, tienes un plazo de 15 d\u00edas para realizarlo en la oficina correspondiente.<\/p>\n\n<p>Esperamos que este art\u00edculo te haya sido de utilidad en caso de que necesites sellar tu paro en Cartagena a trav\u00e9s del SEF. Recuerda que en su p\u00e1gina web encontrar\u00e1s toda la informaci\u00f3n actualizada sobre los tr\u00e1mites y servicios que ofrece este organismo para facilitar el acceso al empleo en la Regi\u00f3n de Murcia.<\/p>","protected":false},"excerpt":{"rendered":"<p>\u00bfC\u00f3mo sellar el paro en Sef Cartagena? Si est\u00e1s en la ciudad de Cartagena y necesitas sellar tu paro,&#8230;<\/p>\n","protected":false},"author":1,"featured_media":0,"comment_status":"open","ping_status":"closed","sticky":false,"template":"","format":"standard","meta":{"_uag_custom_page_level_css":"","_kadence_starter_templates_imported_post":false,"_kad_post_transparent":"","_kad_post_title":"","_kad_post_layout":"","_kad_post_sidebar_id":"","_kad_post_content_style":"","_kad_post_vertical_padding":"","_kad_post_feature":"","_kad_post_feature_position":"","_kad_post_header":false,"_kad_post_footer":false,"footnotes":""},"categories":[3],"tags":[],"class_list":["post-1491141","post","type-post","status-publish","format-standard","hentry","category-tramites"],"uagb_featured_image_src":{"full":false,"thumbnail":false,"medium":false,"medium_large":false,"large":false,"1536x1536":false,"2048x2048":false},"uagb_author_info":{"display_name":"Renovar Papeles","author_link":"https:\/\/www.renovarpapeles.com\/tramites\/author\/admin\/"},"uagb_comment_info":0,"uagb_excerpt":"\u00bfC\u00f3mo sellar el paro en Sef Cartagena? Si est\u00e1s en la ciudad de Cartagena y necesitas sellar tu paro,...","_links":{"self":[{"href":"https:\/\/www.renovarpapeles.com\/tramites\/wp-json\/wp\/v2\/posts\/1491141","targetHints":{"allow":["GET"]}}],"collection":[{"href":"https:\/\/www.renovarpapeles.com\/tramites\/wp-json\/wp\/v2\/posts"}],"about":[{"href":"https:\/\/www.renovarpapeles.com\/tramites\/wp-json\/wp\/v2\/types\/post"}],"author":[{"embeddable":true,"href":"https:\/\/www.renovarpapeles.com\/tramites\/wp-json\/wp\/v2\/users\/1"}],"replies":[{"embeddable":true,"href":"https:\/\/www.renovarpapeles.com\/tramites\/wp-json\/wp\/v2\/comments?post=1491141"}],"version-history":[{"count":0,"href":"https:\/\/www.renovarpapeles.com\/tramites\/wp-json\/wp\/v2\/posts\/1491141\/revisions"}],"wp:attachment":[{"href":"https:\/\/www.renovarpapeles.com\/tramites\/wp-json\/wp\/v2\/media?parent=1491141"}],"wp:term":[{"taxonomy":"category","embeddable":true,"href":"https:\/\/www.renovarpapeles.com\/tramites\/wp-json\/wp\/v2\/categories?post=1491141"},{"taxonomy":"post_tag","embeddable":true,"href":"https:\/\/www.renovarpapeles.com\/tramites\/wp-json\/wp\/v2\/tags?post=1491141"}],"curies":[{"name":"wp","href":"https:\/\/api.w.org\/{rel}","templated":true}]}}