{"id":1382776,"date":"2023-06-19T01:36:01","date_gmt":"2023-06-19T01:36:01","guid":{"rendered":"https:\/\/www.renovarpapeles.com\/tramites\/?p=1382776"},"modified":"2023-06-19T01:36:01","modified_gmt":"2023-06-19T01:36:01","slug":"modelo-comunicacion-ampliacion-jornada-sepe","status":"publish","type":"post","link":"https:\/\/www.renovarpapeles.com\/tramites\/modelo-comunicacion-ampliacion-jornada-sepe\/","title":{"rendered":"Modelo Comunicacion Ampliacion Jornada SEPE"},"content":{"rendered":"<p>El <strong>modelo comunicaci\u00f3n ampliaci\u00f3n jornada INEM<\/strong> es un documento de solicitud de inscripci\u00f3n a programas de inserci\u00f3n laboral y de formaci\u00f3n ocupacional. Este tr\u00e1mite corresponde a aquellas personas inscritas en el INEM (Instituto Nacional de Empleo) y que tengan la intenci\u00f3n de ampliar el tiempo de trabajo o acceder a formaci\u00f3n profesional. <\/p>\n\n<p>Para realizar una solicitud es importante cumplir con todos los requisitos exigidos, tales como presentar la documentaci\u00f3n acad\u00e9mica, curriculums afines al programa, cartas de presentaci\u00f3n, acreditaci\u00f3n de estar inscritos en el INEM o en la persona desempleada, etc., Esto depender\u00e1 de cada administraci\u00f3n. Si no se aportan todos los documentos, la solicitud no ser\u00e1 aprobada. <\/p>\n\n<p>Es importante destacar que el <strong>modelo Comunicaci\u00f3n Ampliaci\u00f3n Jornada INEM<\/strong> debe ser presentado con anticipaci\u00f3n para evitar retrasos, ya que algunas peticiones no ser\u00e1n aceptadas debido a la falta de plazas. Adem\u00e1s, algunas administraciones ofrecen la posibilidad de presentar la documentaci\u00f3n por internet para obtener una respuesta m\u00e1s r\u00e1pida.<\/p>","protected":false},"excerpt":{"rendered":"<p>El modelo comunicaci\u00f3n ampliaci\u00f3n jornada INEM es un documento de solicitud de inscripci\u00f3n a programas de inserci\u00f3n laboral y&#8230;<\/p>\n","protected":false},"author":1,"featured_media":0,"comment_status":"open","ping_status":"closed","sticky":false,"template":"","format":"standard","meta":{"_uag_custom_page_level_css":"","_kadence_starter_templates_imported_post":false,"_kad_post_transparent":"","_kad_post_title":"","_kad_post_layout":"","_kad_post_sidebar_id":"","_kad_post_content_style":"","_kad_post_vertical_padding":"","_kad_post_feature":"","_kad_post_feature_position":"","_kad_post_header":false,"_kad_post_footer":false,"footnotes":""},"categories":[3],"tags":[],"class_list":["post-1382776","post","type-post","status-publish","format-standard","hentry","category-tramites"],"uagb_featured_image_src":{"full":false,"thumbnail":false,"medium":false,"medium_large":false,"large":false,"1536x1536":false,"2048x2048":false},"uagb_author_info":{"display_name":"Renovar Papeles","author_link":"https:\/\/www.renovarpapeles.com\/tramites\/author\/admin\/"},"uagb_comment_info":0,"uagb_excerpt":"El modelo comunicaci\u00f3n ampliaci\u00f3n jornada INEM es un documento de solicitud de inscripci\u00f3n a programas de inserci\u00f3n laboral y...","_links":{"self":[{"href":"https:\/\/www.renovarpapeles.com\/tramites\/wp-json\/wp\/v2\/posts\/1382776","targetHints":{"allow":["GET"]}}],"collection":[{"href":"https:\/\/www.renovarpapeles.com\/tramites\/wp-json\/wp\/v2\/posts"}],"about":[{"href":"https:\/\/www.renovarpapeles.com\/tramites\/wp-json\/wp\/v2\/types\/post"}],"author":[{"embeddable":true,"href":"https:\/\/www.renovarpapeles.com\/tramites\/wp-json\/wp\/v2\/users\/1"}],"replies":[{"embeddable":true,"href":"https:\/\/www.renovarpapeles.com\/tramites\/wp-json\/wp\/v2\/comments?post=1382776"}],"version-history":[{"count":0,"href":"https:\/\/www.renovarpapeles.com\/tramites\/wp-json\/wp\/v2\/posts\/1382776\/revisions"}],"wp:attachment":[{"href":"https:\/\/www.renovarpapeles.com\/tramites\/wp-json\/wp\/v2\/media?parent=1382776"}],"wp:term":[{"taxonomy":"category","embeddable":true,"href":"https:\/\/www.renovarpapeles.com\/tramites\/wp-json\/wp\/v2\/categories?post=1382776"},{"taxonomy":"post_tag","embeddable":true,"href":"https:\/\/www.renovarpapeles.com\/tramites\/wp-json\/wp\/v2\/tags?post=1382776"}],"curies":[{"name":"wp","href":"https:\/\/api.w.org\/{rel}","templated":true}]}}