{"id":97281,"date":"2021-12-22T17:37:01","date_gmt":"2010-12-22T15:37:01","guid":{"rendered":"http:\/\/www.blogrenta.com\/?p=733"},"modified":"2021-12-22T17:37:01","modified_gmt":"2010-12-22T15:37:01","slug":"5-anos-duros","status":"publish","type":"post","link":"https:\/\/www.renovarpapeles.com\/renta\/5-anos-duros\/","title":{"rendered":"5 a\u00f1os duros"},"content":{"rendered":"<p>De acuerdo con nuestro presidente del Gobierno, Jos\u00e9 Lu\u00eds Zapatero, nos quedan 5 a\u00f1os duros, por que seg\u00fan ha explicado hoy a Espa\u00f1a le quedan cinco a\u00f1os para corregir los problemas estructurales de nuestra econom\u00eda.<\/p>\n<p>El gobierno Espa\u00f1ol, presidido por Jos\u00e9 Lu\u00eds Zapatero, nos ha constatado en su declaraci\u00f3n el congreso de los diputados que a la Econom\u00eda Espa\u00f1ola, todav\u00eda le quedan 5 duros a\u00f1os para sufrir y corregir los desequilibrios que padece y ha ido m\u00e1s lejos diciendo\u00a0 la lista de deberes pendientes para este \u00ablustro decisivo\u00bb: garantizar la \u00abestabilidad fiscal a largo plazo\u00bb, un objetivo en el que ha inscrito <a href=\"http:\/\/www.elpais.com\/articulo\/espana\/nuevo\/texto\/Pacto\/Toledo\/respalda\/compatibilizar\/salario\/pension\/elpepuesp\/20101217elpepunac_2\/Tes\" target=\"_blank\" rel=\"noopener\">la reforma de las pensiones<\/a>; modernizar las \u00abinstituciones laborales\u00bb, que han demostrado padecer una \u00abrigidez cr\u00f3nica\u00bb; reformar los \u00abservicios profesionales\u00bb; reducir las cargas administrativas y fortalecer la cooperaci\u00f3n auton\u00f3mica, para que no haya disparidad entre comunidades; alcanzar el pacto energ\u00e9tico y consolidar el Estado del bienestar.<\/p>\n","protected":false},"excerpt":{"rendered":"<p>De acuerdo con nuestro presidente del Gobierno, Jos\u00e9 Lu\u00eds Zapatero, nos quedan 5 a\u00f1os duros, por que seg\u00fan ha explicado hoy a Espa\u00f1a le quedan cinco a\u00f1os para corregir los problemas estructurales de nuestra econom\u00eda. El gobierno Espa\u00f1ol, presidido por Jos\u00e9 Lu\u00eds Zapatero, nos ha constatado en su declaraci\u00f3n el congreso de los diputados que&#8230;<\/p>\n","protected":false},"author":2,"featured_media":0,"comment_status":"open","ping_status":"closed","sticky":false,"template":"","format":"standard","meta":{"_kad_post_transparent":"","_kad_post_title":"","_kad_post_layout":"","_kad_post_sidebar_id":"","_kad_post_content_style":"","_kad_post_vertical_padding":"","_kad_post_feature":"","_kad_post_feature_position":"","_kad_post_header":false,"_kad_post_footer":false,"footnotes":""},"categories":[4],"tags":[],"class_list":["post-97281","post","type-post","status-publish","format-standard","hentry","category-pedir-cita"],"_links":{"self":[{"href":"https:\/\/www.renovarpapeles.com\/renta\/wp-json\/wp\/v2\/posts\/97281","targetHints":{"allow":["GET"]}}],"collection":[{"href":"https:\/\/www.renovarpapeles.com\/renta\/wp-json\/wp\/v2\/posts"}],"about":[{"href":"https:\/\/www.renovarpapeles.com\/renta\/wp-json\/wp\/v2\/types\/post"}],"author":[{"embeddable":true,"href":"https:\/\/www.renovarpapeles.com\/renta\/wp-json\/wp\/v2\/users\/2"}],"replies":[{"embeddable":true,"href":"https:\/\/www.renovarpapeles.com\/renta\/wp-json\/wp\/v2\/comments?post=97281"}],"version-history":[{"count":0,"href":"https:\/\/www.renovarpapeles.com\/renta\/wp-json\/wp\/v2\/posts\/97281\/revisions"}],"wp:attachment":[{"href":"https:\/\/www.renovarpapeles.com\/renta\/wp-json\/wp\/v2\/media?parent=97281"}],"wp:term":[{"taxonomy":"category","embeddable":true,"href":"https:\/\/www.renovarpapeles.com\/renta\/wp-json\/wp\/v2\/categories?post=97281"},{"taxonomy":"post_tag","embeddable":true,"href":"https:\/\/www.renovarpapeles.com\/renta\/wp-json\/wp\/v2\/tags?post=97281"}],"curies":[{"name":"wp","href":"https:\/\/api.w.org\/{rel}","templated":true}]}}