{"id":96976,"date":"2021-05-12T20:09:06","date_gmt":"2010-05-12T18:09:06","guid":{"rendered":"http:\/\/www.blogrenta.com\/?p=99"},"modified":"2021-05-12T20:09:06","modified_gmt":"2010-05-12T18:09:06","slug":"zapatero-recorta-el-gasto-social","status":"publish","type":"post","link":"https:\/\/www.renovarpapeles.com\/renta\/zapatero-recorta-el-gasto-social\/","title":{"rendered":"Zapatero recorta el gasto social"},"content":{"rendered":"<p>El Gobierno se carga de colpe muchas mejores sociales:<\/p>\n<ol>\n<li><strong>Reducci\u00f3n de las retribuciones del personal del sector p\u00fablico<\/strong> en un 5 por ciento.<\/li>\n<li>\u00a0Se <strong>suspende para 2011 la revalorizaci\u00f3n de las pensiones.<\/strong><\/li>\n<li>Eliminaci\u00f3n del r\u00e9gimen transitorio para la <strong>jubilaci\u00f3n parcial .<\/strong><\/li>\n<li>\u00a0<strong>Eliminaci\u00f3n del \u00abcheque-beb\u00e9\u00bb .<\/strong><\/li>\n<li>\u00a0Adecuaci\u00f3n del <strong>n\u00famero de unidades de los envases de medicamentos.<\/strong><\/li>\n<li>La <strong>ayuda oficial al desarrollo<\/strong> se reducir\u00e1 entre 2010 y 2011 en 600 millones de euros.<\/li>\n<li>Se prev\u00e9 una reducci\u00f3n de 6.045 millones de euros entre 2010 y 2011 en la <strong>inversi\u00f3n p\u00fablica estatal<\/strong>.<\/li>\n<li>Ahorro adicional de <strong>1.200 millones de euros por parte de las Comunidades Aut\u00f3nomas<\/strong> y ayuntamientos.<\/li>\n<li>Las solicitudes para <strong>dependencia<\/strong> tendr\u00e1n que resolverse en seis meses y se eliminar\u00e1 la retroactividad.<\/li>\n<\/ol>\n<p>No se cierra la puerta a recortar a\u00fan m\u00e1s.<\/p>\n<p>Fuente | publico.es<\/p>\n","protected":false},"excerpt":{"rendered":"<p>El Gobierno se carga de colpe muchas mejores sociales: Reducci\u00f3n de las retribuciones del personal del sector p\u00fablico en un 5 por ciento. \u00a0Se suspende para 2011 la revalorizaci\u00f3n de las pensiones. Eliminaci\u00f3n del r\u00e9gimen transitorio para la jubilaci\u00f3n parcial . \u00a0Eliminaci\u00f3n del \u00abcheque-beb\u00e9\u00bb . \u00a0Adecuaci\u00f3n del n\u00famero de unidades de los envases de medicamentos&#8230;.<\/p>\n","protected":false},"author":2,"featured_media":0,"comment_status":"open","ping_status":"closed","sticky":false,"template":"","format":"standard","meta":{"_kad_post_transparent":"","_kad_post_title":"","_kad_post_layout":"","_kad_post_sidebar_id":"","_kad_post_content_style":"","_kad_post_vertical_padding":"","_kad_post_feature":"","_kad_post_feature_position":"","_kad_post_header":false,"_kad_post_footer":false,"footnotes":""},"categories":[22],"tags":[],"class_list":["post-96976","post","type-post","status-publish","format-standard","hentry","category-iva"],"_links":{"self":[{"href":"https:\/\/www.renovarpapeles.com\/renta\/wp-json\/wp\/v2\/posts\/96976","targetHints":{"allow":["GET"]}}],"collection":[{"href":"https:\/\/www.renovarpapeles.com\/renta\/wp-json\/wp\/v2\/posts"}],"about":[{"href":"https:\/\/www.renovarpapeles.com\/renta\/wp-json\/wp\/v2\/types\/post"}],"author":[{"embeddable":true,"href":"https:\/\/www.renovarpapeles.com\/renta\/wp-json\/wp\/v2\/users\/2"}],"replies":[{"embeddable":true,"href":"https:\/\/www.renovarpapeles.com\/renta\/wp-json\/wp\/v2\/comments?post=96976"}],"version-history":[{"count":0,"href":"https:\/\/www.renovarpapeles.com\/renta\/wp-json\/wp\/v2\/posts\/96976\/revisions"}],"wp:attachment":[{"href":"https:\/\/www.renovarpapeles.com\/renta\/wp-json\/wp\/v2\/media?parent=96976"}],"wp:term":[{"taxonomy":"category","embeddable":true,"href":"https:\/\/www.renovarpapeles.com\/renta\/wp-json\/wp\/v2\/categories?post=96976"},{"taxonomy":"post_tag","embeddable":true,"href":"https:\/\/www.renovarpapeles.com\/renta\/wp-json\/wp\/v2\/tags?post=96976"}],"curies":[{"name":"wp","href":"https:\/\/api.w.org\/{rel}","templated":true}]}}