{"id":72148,"date":"2024-05-14T04:30:51","date_gmt":"2024-05-14T04:30:51","guid":{"rendered":"http:\/\/www.blogrenta.com\/renta2012\/?p=72148"},"modified":"2013-06-10T17:34:15","modified_gmt":"2013-06-10T17:34:15","slug":"deduccion-guarderia","status":"publish","type":"post","link":"https:\/\/www.renovarpapeles.com\/renta\/deduccion-guarderia\/","title":{"rendered":"Deduccion Guarderia"},"content":{"rendered":"La deducci\u00f3n por guarder\u00eda es una ayuda que ofrece el Gobierno de Espa\u00f1a a los padres trabajadores para reducir la carga fiscal en los gastos de la guarder\u00eda de sus hijos menores de tres a\u00f1os. Se trata de una deducci\u00f3n en la declaraci\u00f3n anual del Impuesto sobre la Renta de las Personas F\u00edsicas (IRPF) que puede oscilar entre el 20% y el 30% del importe total pagado en guarder\u00edas autorizadas, con un l\u00edmite m\u00e1ximo anual de 1.000 euros por hijo.<\/p><!-- \/wp:post-content --><!-- wp:paragraph --><p>En caso de familias monoparentales, la deducci\u00f3n se incrementa en un 10% adicional. Tambi\u00e9n est\u00e1 previsto un aumento en la deducci\u00f3n para familias numerosas o con hijos con discapacidad, llegando hasta un m\u00e1ximo de 1.200 euros anuales.<\/p><!-- \/wp:paragraph --><!-- wp:paragraph --><p>En resumen, la deducci\u00f3n por guarder\u00eda es una manera de aliviar los gastos de aquellos padres que necesitan cuidado para sus hijos menores de tres a\u00f1os mientras ellos trabajan, y contribuye a fomentar la conciliaci\u00f3n entre la vida familiar y laboral en Espa\u00f1a.<\/p><!-- \/wp:paragraph -->","protected":false},"excerpt":{"rendered":"<p>La deducci\u00f3n por guarder\u00eda es una ayuda que ofrece el Gobierno de Espa\u00f1a a los padres trabajadores para reducir la carga fiscal en los gastos de la guarder\u00eda de sus hijos menores de tres a\u00f1os. Se trata de una deducci\u00f3n en la declaraci\u00f3n anual del Impuesto sobre la Renta de las Personas F\u00edsicas (IRPF) que&#8230;<\/p>\n","protected":false},"author":2,"featured_media":0,"comment_status":"open","ping_status":"closed","sticky":false,"template":"","format":"standard","meta":{"_kad_post_transparent":"","_kad_post_title":"","_kad_post_layout":"","_kad_post_sidebar_id":"","_kad_post_content_style":"","_kad_post_vertical_padding":"","_kad_post_feature":"","_kad_post_feature_position":"","_kad_post_header":false,"_kad_post_footer":false,"footnotes":""},"categories":[3],"tags":[8],"class_list":["post-72148","post","type-post","status-publish","format-standard","hentry","category-borrador","tag-renta-2012"],"_links":{"self":[{"href":"https:\/\/www.renovarpapeles.com\/renta\/wp-json\/wp\/v2\/posts\/72148","targetHints":{"allow":["GET"]}}],"collection":[{"href":"https:\/\/www.renovarpapeles.com\/renta\/wp-json\/wp\/v2\/posts"}],"about":[{"href":"https:\/\/www.renovarpapeles.com\/renta\/wp-json\/wp\/v2\/types\/post"}],"author":[{"embeddable":true,"href":"https:\/\/www.renovarpapeles.com\/renta\/wp-json\/wp\/v2\/users\/2"}],"replies":[{"embeddable":true,"href":"https:\/\/www.renovarpapeles.com\/renta\/wp-json\/wp\/v2\/comments?post=72148"}],"version-history":[{"count":0,"href":"https:\/\/www.renovarpapeles.com\/renta\/wp-json\/wp\/v2\/posts\/72148\/revisions"}],"wp:attachment":[{"href":"https:\/\/www.renovarpapeles.com\/renta\/wp-json\/wp\/v2\/media?parent=72148"}],"wp:term":[{"taxonomy":"category","embeddable":true,"href":"https:\/\/www.renovarpapeles.com\/renta\/wp-json\/wp\/v2\/categories?post=72148"},{"taxonomy":"post_tag","embeddable":true,"href":"https:\/\/www.renovarpapeles.com\/renta\/wp-json\/wp\/v2\/tags?post=72148"}],"curies":[{"name":"wp","href":"https:\/\/api.w.org\/{rel}","templated":true}]}}