{"id":71821,"date":"2024-05-04T12:21:44","date_gmt":"2024-05-04T12:21:44","guid":{"rendered":"http:\/\/www.blogrenta.com\/renta2012\/?p=71821"},"modified":"2013-06-07T00:20:19","modified_gmt":"2013-06-07T00:20:19","slug":"declaracion-de-renta-mataro","status":"publish","type":"post","link":"https:\/\/www.renovarpapeles.com\/renta\/declaracion-de-renta-mataro\/","title":{"rendered":"Declaraci\u00f3n de Renta Matar\u00f3"},"content":{"rendered":"Matar\u00f3 es una ciudad y municipio situado en la provincia de Barcelona, Catalu\u00f1a. En esta localidad, al igual que en todas las dem\u00e1s ciudades de Espa\u00f1a, los contribuyentes est\u00e1n obligados a presentar una Declaraci\u00f3n de Renta anual ante la Agencia Tributaria.<\/p><!-- \/wp:post-content --><!-- wp:paragraph --><p>Es importante mencionar que la Declaraci\u00f3n de Renta en Matar\u00f3 se realiza siguiendo las mismas normas y plazos establecidos por la Agencia Tributaria a nivel nacional. Los contribuyentes deben presentar su declaraci\u00f3n antes del 30 de junio de cada a\u00f1o, aunque hay algunas excepciones para casos especiales como aquellos con actividades econ\u00f3micas, residentes en el extranjero o con varias fuentes de ingresos.<\/p><!-- \/wp:paragraph --><!-- wp:paragraph --><p>","protected":false},"excerpt":{"rendered":"<p>Matar\u00f3 es una ciudad y municipio situado en la provincia de Barcelona, Catalu\u00f1a. En esta localidad, al igual que en todas las dem\u00e1s ciudades de Espa\u00f1a, los contribuyentes est\u00e1n obligados a presentar una Declaraci\u00f3n de Renta anual ante la Agencia Tributaria. Es importante mencionar que la Declaraci\u00f3n de Renta en Matar\u00f3 se realiza siguiendo las&#8230;<\/p>\n","protected":false},"author":2,"featured_media":0,"comment_status":"open","ping_status":"closed","sticky":false,"template":"","format":"standard","meta":{"_kad_post_transparent":"","_kad_post_title":"","_kad_post_layout":"","_kad_post_sidebar_id":"","_kad_post_content_style":"","_kad_post_vertical_padding":"","_kad_post_feature":"","_kad_post_feature_position":"","_kad_post_header":false,"_kad_post_footer":false,"footnotes":""},"categories":[3],"tags":[8],"class_list":["post-71821","post","type-post","status-publish","format-standard","hentry","category-borrador","tag-renta-2012"],"_links":{"self":[{"href":"https:\/\/www.renovarpapeles.com\/renta\/wp-json\/wp\/v2\/posts\/71821","targetHints":{"allow":["GET"]}}],"collection":[{"href":"https:\/\/www.renovarpapeles.com\/renta\/wp-json\/wp\/v2\/posts"}],"about":[{"href":"https:\/\/www.renovarpapeles.com\/renta\/wp-json\/wp\/v2\/types\/post"}],"author":[{"embeddable":true,"href":"https:\/\/www.renovarpapeles.com\/renta\/wp-json\/wp\/v2\/users\/2"}],"replies":[{"embeddable":true,"href":"https:\/\/www.renovarpapeles.com\/renta\/wp-json\/wp\/v2\/comments?post=71821"}],"version-history":[{"count":0,"href":"https:\/\/www.renovarpapeles.com\/renta\/wp-json\/wp\/v2\/posts\/71821\/revisions"}],"wp:attachment":[{"href":"https:\/\/www.renovarpapeles.com\/renta\/wp-json\/wp\/v2\/media?parent=71821"}],"wp:term":[{"taxonomy":"category","embeddable":true,"href":"https:\/\/www.renovarpapeles.com\/renta\/wp-json\/wp\/v2\/categories?post=71821"},{"taxonomy":"post_tag","embeddable":true,"href":"https:\/\/www.renovarpapeles.com\/renta\/wp-json\/wp\/v2\/tags?post=71821"}],"curies":[{"name":"wp","href":"https:\/\/api.w.org\/{rel}","templated":true}]}}