{"id":47575,"date":"2024-05-01T09:52:24","date_gmt":"2024-05-01T09:52:24","guid":{"rendered":"http:\/\/www.blogrenta.com\/renta2012\/?p=47575"},"modified":"2013-04-15T15:27:28","modified_gmt":"2013-04-15T15:27:28","slug":"deducciones-autonomicas-comunidad-valenciana-2013","status":"publish","type":"post","link":"https:\/\/www.renovarpapeles.com\/renta\/deducciones-autonomicas-comunidad-valenciana-2013\/","title":{"rendered":"Deducciones Autonomicas Comunidad Valenciana  2013"},"content":{"rendered":"En la Comunidad Valenciana, existen una serie de deducciones auton\u00f3micas en el Impuesto sobre la Renta de las Personas F\u00edsicas (IRPF) para el a\u00f1o 2013 que pueden disminuir la cuota a pagar de los contribuyentes. Estas deducciones se aplican sobre la base imponible del impuesto y pueden variar en funci\u00f3n de la situaci\u00f3n personal y familiar de cada contribuyente.<\/p><!-- \/wp:post-content --><!-- wp:paragraph --><p>Otra deducci\u00f3n importante en la Comunidad Valenciana es la deducci\u00f3n por alquiler de vivienda habitual, que puede ser de hasta el 20% de las cantidades satisfechas durante el a\u00f1o 2013 con un l\u00edmite m\u00e1ximo de 564 euros. Sin embargo, para poder beneficiarse de esta deducci\u00f3n es necesario cumplir ciertos requisitos como que la vivienda sea alquilada como residencia habitual y permanente del contribuyente, entre otros.<\/p><!-- \/wp:paragraph --><!-- wp:paragraph --><p>Es importante tener en cuenta que estas deducciones pueden variar de un a\u00f1o a otro, por lo que es recomendable consultar con un experto en materia fiscal o con la Agencia Tributaria de la Comunidad Valenciana para obtener informaci\u00f3n actualizada sobre las mismas. Asimismo, es importante asegurarse de cumplir con los requisitos establecidos para poder beneficiarse de estas deducciones y as\u00ed reducir la carga impositiva en la declaraci\u00f3n de la renta.<\/p><!-- \/wp:paragraph -->","protected":false},"excerpt":{"rendered":"<p>En la Comunidad Valenciana, existen una serie de deducciones auton\u00f3micas en el Impuesto sobre la Renta de las Personas F\u00edsicas (IRPF) para el a\u00f1o 2013 que pueden disminuir la cuota a pagar de los contribuyentes. Estas deducciones se aplican sobre la base imponible del impuesto y pueden variar en funci\u00f3n de la situaci\u00f3n personal y&#8230;<\/p>\n","protected":false},"author":2,"featured_media":0,"comment_status":"open","ping_status":"closed","sticky":false,"template":"","format":"standard","meta":{"_kad_post_transparent":"","_kad_post_title":"","_kad_post_layout":"","_kad_post_sidebar_id":"","_kad_post_content_style":"","_kad_post_vertical_padding":"","_kad_post_feature":"","_kad_post_feature_position":"","_kad_post_header":false,"_kad_post_footer":false,"footnotes":""},"categories":[3],"tags":[8],"class_list":["post-47575","post","type-post","status-publish","format-standard","hentry","category-borrador","tag-renta-2012"],"_links":{"self":[{"href":"https:\/\/www.renovarpapeles.com\/renta\/wp-json\/wp\/v2\/posts\/47575","targetHints":{"allow":["GET"]}}],"collection":[{"href":"https:\/\/www.renovarpapeles.com\/renta\/wp-json\/wp\/v2\/posts"}],"about":[{"href":"https:\/\/www.renovarpapeles.com\/renta\/wp-json\/wp\/v2\/types\/post"}],"author":[{"embeddable":true,"href":"https:\/\/www.renovarpapeles.com\/renta\/wp-json\/wp\/v2\/users\/2"}],"replies":[{"embeddable":true,"href":"https:\/\/www.renovarpapeles.com\/renta\/wp-json\/wp\/v2\/comments?post=47575"}],"version-history":[{"count":0,"href":"https:\/\/www.renovarpapeles.com\/renta\/wp-json\/wp\/v2\/posts\/47575\/revisions"}],"wp:attachment":[{"href":"https:\/\/www.renovarpapeles.com\/renta\/wp-json\/wp\/v2\/media?parent=47575"}],"wp:term":[{"taxonomy":"category","embeddable":true,"href":"https:\/\/www.renovarpapeles.com\/renta\/wp-json\/wp\/v2\/categories?post=47575"},{"taxonomy":"post_tag","embeddable":true,"href":"https:\/\/www.renovarpapeles.com\/renta\/wp-json\/wp\/v2\/tags?post=47575"}],"curies":[{"name":"wp","href":"https:\/\/api.w.org\/{rel}","templated":true}]}}