{"id":46919,"date":"2024-04-21T17:12:39","date_gmt":"2024-04-21T17:12:39","guid":{"rendered":"http:\/\/www.blogrenta.com\/renta2012\/?p=46919"},"modified":"2013-04-03T15:17:51","modified_gmt":"2013-04-03T15:17:51","slug":"articulo-97-2-ley-irpf","status":"publish","type":"post","link":"https:\/\/www.renovarpapeles.com\/renta\/articulo-97-2-ley-irpf\/","title":{"rendered":"Articulo 97.2 Ley Irpf"},"content":{"rendered":"El art\u00edculo 97.2 de la Ley del Impuesto sobre la Renta de las Personas F\u00edsicas (IRPF) hace referencia a la posibilidad de aplicar una reducci\u00f3n en la base imponible del impuesto para los contribuyentes mayores de 65 a\u00f1os que obtengan rentas de trabajo. Esta reducci\u00f3n, denominada \u00abreducci\u00f3n por edad\u00bb, tiene como objetivo compensar la menor capacidad econ\u00f3mica de las personas mayores.<\/p><!-- \/wp:post-content --><!-- wp:paragraph --><p>En concreto, el art\u00edculo establece una reducci\u00f3n del 11,11% en la base imponible para los contribuyentes de entre 65 y 75 a\u00f1os, y un 22,22% para aquellos mayores de 75 a\u00f1os. No obstante, en el caso de que el contribuyente tenga una discapacidad, estas reducciones pueden aumentar hasta un 33,33%.<\/p><!-- \/wp:paragraph --><!-- wp:paragraph --><p>En resumen, el art\u00edculo 97.2 de la Ley del IRPF establece una medida de car\u00e1cter social que busca aliviar la carga fiscal de aquellos contribuyentes mayores de 65 a\u00f1os que reciben rentas del trabajo. Esta reducci\u00f3n puede ser de gran ayuda para las personas mayores con una capacidad econ\u00f3mica m\u00e1s reducida, permiti\u00e9ndoles disponer de una mayor cantidad de dinero en su bolsillo.<\/p><!-- \/wp:paragraph -->","protected":false},"excerpt":{"rendered":"<p>El art\u00edculo 97.2 de la Ley del Impuesto sobre la Renta de las Personas F\u00edsicas (IRPF) hace referencia a la posibilidad de aplicar una reducci\u00f3n en la base imponible del impuesto para los contribuyentes mayores de 65 a\u00f1os que obtengan rentas de trabajo. Esta reducci\u00f3n, denominada \u00abreducci\u00f3n por edad\u00bb, tiene como objetivo compensar la menor&#8230;<\/p>\n","protected":false},"author":2,"featured_media":0,"comment_status":"open","ping_status":"closed","sticky":false,"template":"","format":"standard","meta":{"_kad_post_transparent":"","_kad_post_title":"","_kad_post_layout":"","_kad_post_sidebar_id":"","_kad_post_content_style":"","_kad_post_vertical_padding":"","_kad_post_feature":"","_kad_post_feature_position":"","_kad_post_header":false,"_kad_post_footer":false,"footnotes":""},"categories":[3],"tags":[8],"class_list":["post-46919","post","type-post","status-publish","format-standard","hentry","category-borrador","tag-renta-2012"],"_links":{"self":[{"href":"https:\/\/www.renovarpapeles.com\/renta\/wp-json\/wp\/v2\/posts\/46919","targetHints":{"allow":["GET"]}}],"collection":[{"href":"https:\/\/www.renovarpapeles.com\/renta\/wp-json\/wp\/v2\/posts"}],"about":[{"href":"https:\/\/www.renovarpapeles.com\/renta\/wp-json\/wp\/v2\/types\/post"}],"author":[{"embeddable":true,"href":"https:\/\/www.renovarpapeles.com\/renta\/wp-json\/wp\/v2\/users\/2"}],"replies":[{"embeddable":true,"href":"https:\/\/www.renovarpapeles.com\/renta\/wp-json\/wp\/v2\/comments?post=46919"}],"version-history":[{"count":0,"href":"https:\/\/www.renovarpapeles.com\/renta\/wp-json\/wp\/v2\/posts\/46919\/revisions"}],"wp:attachment":[{"href":"https:\/\/www.renovarpapeles.com\/renta\/wp-json\/wp\/v2\/media?parent=46919"}],"wp:term":[{"taxonomy":"category","embeddable":true,"href":"https:\/\/www.renovarpapeles.com\/renta\/wp-json\/wp\/v2\/categories?post=46919"},{"taxonomy":"post_tag","embeddable":true,"href":"https:\/\/www.renovarpapeles.com\/renta\/wp-json\/wp\/v2\/tags?post=46919"}],"curies":[{"name":"wp","href":"https:\/\/api.w.org\/{rel}","templated":true}]}}