{"id":46324,"date":"2024-05-05T23:29:26","date_gmt":"2024-05-05T23:29:26","guid":{"rendered":"http:\/\/www.blogrenta.com\/renta2012\/?p=46324"},"modified":"2013-01-22T20:18:14","modified_gmt":"2013-01-22T20:18:14","slug":"nuevo-modulo-de-peluquerias","status":"publish","type":"post","link":"https:\/\/www.renovarpapeles.com\/renta\/nuevo-modulo-de-peluquerias\/","title":{"rendered":"Nuevo Modulo de Peluquerias"},"content":{"rendered":"El Nuevo M\u00f3dulo de Peluquer\u00edas es una medida adoptada por el gobierno de Espa\u00f1a en el marco de la reforma del Impuesto sobre la Renta de las Personas F\u00edsicas (IRPF) que entr\u00f3 en vigor en el a\u00f1o 2016. Esta reforma tiene como objetivo simplificar la tributaci\u00f3n de los aut\u00f3nomos y profesionales que tributan a trav\u00e9s del r\u00e9gimen de estimaci\u00f3n objetiva o m\u00f3dulos.<\/p><!-- \/wp:post-content --><!-- wp:paragraph --><p>Para aquellas peluquer\u00edas que no superen ese l\u00edmite de ingresos, podr\u00e1n seguir tributando por el r\u00e9gimen de estimaci\u00f3n objetiva, calculando sus impuestos mediante una f\u00f3rmula que tiene en cuenta diferentes aspectos como los metros cuadrados del local, el personal empleado y los gastos de suministros.<\/p><!-- \/wp:paragraph --><!-- wp:paragraph --><p>En definitiva, el Nuevo M\u00f3dulo de Peluquer\u00edas es una medida que busca modernizar y simplificar el r\u00e9gimen de tributaci\u00f3n de este sector, aunque ha generado cierta controversia entre los profesionales afectados. Se recomienda a los titulares de peluquer\u00edas que se informen adecuadamente sobre esta reforma y que realicen un an\u00e1lisis de c\u00f3mo les afectar\u00e1 en su concreto negocio.<\/p><!-- \/wp:paragraph -->","protected":false},"excerpt":{"rendered":"<p>El Nuevo M\u00f3dulo de Peluquer\u00edas es una medida adoptada por el gobierno de Espa\u00f1a en el marco de la reforma del Impuesto sobre la Renta de las Personas F\u00edsicas (IRPF) que entr\u00f3 en vigor en el a\u00f1o 2016. Esta reforma tiene como objetivo simplificar la tributaci\u00f3n de los aut\u00f3nomos y profesionales que tributan a trav\u00e9s&#8230;<\/p>\n","protected":false},"author":2,"featured_media":0,"comment_status":"open","ping_status":"closed","sticky":false,"template":"","format":"standard","meta":{"_kad_post_transparent":"","_kad_post_title":"","_kad_post_layout":"","_kad_post_sidebar_id":"","_kad_post_content_style":"","_kad_post_vertical_padding":"","_kad_post_feature":"","_kad_post_feature_position":"","_kad_post_header":false,"_kad_post_footer":false,"footnotes":""},"categories":[3],"tags":[8],"class_list":["post-46324","post","type-post","status-publish","format-standard","hentry","category-borrador","tag-renta-2012"],"_links":{"self":[{"href":"https:\/\/www.renovarpapeles.com\/renta\/wp-json\/wp\/v2\/posts\/46324","targetHints":{"allow":["GET"]}}],"collection":[{"href":"https:\/\/www.renovarpapeles.com\/renta\/wp-json\/wp\/v2\/posts"}],"about":[{"href":"https:\/\/www.renovarpapeles.com\/renta\/wp-json\/wp\/v2\/types\/post"}],"author":[{"embeddable":true,"href":"https:\/\/www.renovarpapeles.com\/renta\/wp-json\/wp\/v2\/users\/2"}],"replies":[{"embeddable":true,"href":"https:\/\/www.renovarpapeles.com\/renta\/wp-json\/wp\/v2\/comments?post=46324"}],"version-history":[{"count":0,"href":"https:\/\/www.renovarpapeles.com\/renta\/wp-json\/wp\/v2\/posts\/46324\/revisions"}],"wp:attachment":[{"href":"https:\/\/www.renovarpapeles.com\/renta\/wp-json\/wp\/v2\/media?parent=46324"}],"wp:term":[{"taxonomy":"category","embeddable":true,"href":"https:\/\/www.renovarpapeles.com\/renta\/wp-json\/wp\/v2\/categories?post=46324"},{"taxonomy":"post_tag","embeddable":true,"href":"https:\/\/www.renovarpapeles.com\/renta\/wp-json\/wp\/v2\/tags?post=46324"}],"curies":[{"name":"wp","href":"https:\/\/api.w.org\/{rel}","templated":true}]}}