{"id":46021,"date":"2024-04-29T15:14:44","date_gmt":"2024-04-29T15:14:44","guid":{"rendered":"http:\/\/www.blogrenta.com\/renta2012\/?p=46021"},"modified":"2012-12-17T12:32:56","modified_gmt":"2012-12-17T12:32:56","slug":"dar-de-baja-autonomo","status":"publish","type":"post","link":"https:\/\/www.renovarpapeles.com\/renta\/dar-de-baja-autonomo\/","title":{"rendered":"Dar de Baja Aut\u00f3nomo"},"content":{"rendered":"Dar de baja como aut\u00f3nomo en Espa\u00f1a es un proceso que se debe llevar a cabo cuando un trabajador aut\u00f3nomo decide cesar su actividad como emprendedor y quiere darse de baja en el R\u00e9gimen Especial de Trabajadores Aut\u00f3nomos (RETA).<\/p><!-- \/wp:post-content --><!-- wp:paragraph --><p>Una vez presentada la solicitud de baja, es importante realizar algunos tr\u00e1mites adicionales, como la presentaci\u00f3n de la \u00faltima declaraci\u00f3n trimestral del impuesto sobre el valor a\u00f1adido (IVA) y la liquidaci\u00f3n del impuesto sobre la renta de las personas f\u00edsicas (IRPF) correspondiente al \u00faltimo ejercicio fiscal, as\u00ed como la cancelaci\u00f3n de todas las obligaciones fiscales pendientes.<\/p><!-- \/wp:paragraph --><!-- wp:paragraph --><p>Es importante tener en cuenta que, en caso de tener contratados a trabajadores, se deber\u00e1n cumplir con todas las disposiciones legales para su despido y dar aviso a la Tesorer\u00eda General de la Seguridad Social sobre la finalizaci\u00f3n de la relaci\u00f3n laboral.<\/p><!-- \/wp:paragraph --><!-- wp:paragraph --><p>","protected":false},"excerpt":{"rendered":"<p>Dar de baja como aut\u00f3nomo en Espa\u00f1a es un proceso que se debe llevar a cabo cuando un trabajador aut\u00f3nomo decide cesar su actividad como emprendedor y quiere darse de baja en el R\u00e9gimen Especial de Trabajadores Aut\u00f3nomos (RETA). Una vez presentada la solicitud de baja, es importante realizar algunos tr\u00e1mites adicionales, como la presentaci\u00f3n&#8230;<\/p>\n","protected":false},"author":2,"featured_media":0,"comment_status":"open","ping_status":"closed","sticky":false,"template":"","format":"standard","meta":{"_kad_post_transparent":"","_kad_post_title":"","_kad_post_layout":"","_kad_post_sidebar_id":"","_kad_post_content_style":"","_kad_post_vertical_padding":"","_kad_post_feature":"","_kad_post_feature_position":"","_kad_post_header":false,"_kad_post_footer":false,"footnotes":""},"categories":[3],"tags":[8],"class_list":["post-46021","post","type-post","status-publish","format-standard","hentry","category-borrador","tag-renta-2012"],"_links":{"self":[{"href":"https:\/\/www.renovarpapeles.com\/renta\/wp-json\/wp\/v2\/posts\/46021","targetHints":{"allow":["GET"]}}],"collection":[{"href":"https:\/\/www.renovarpapeles.com\/renta\/wp-json\/wp\/v2\/posts"}],"about":[{"href":"https:\/\/www.renovarpapeles.com\/renta\/wp-json\/wp\/v2\/types\/post"}],"author":[{"embeddable":true,"href":"https:\/\/www.renovarpapeles.com\/renta\/wp-json\/wp\/v2\/users\/2"}],"replies":[{"embeddable":true,"href":"https:\/\/www.renovarpapeles.com\/renta\/wp-json\/wp\/v2\/comments?post=46021"}],"version-history":[{"count":0,"href":"https:\/\/www.renovarpapeles.com\/renta\/wp-json\/wp\/v2\/posts\/46021\/revisions"}],"wp:attachment":[{"href":"https:\/\/www.renovarpapeles.com\/renta\/wp-json\/wp\/v2\/media?parent=46021"}],"wp:term":[{"taxonomy":"category","embeddable":true,"href":"https:\/\/www.renovarpapeles.com\/renta\/wp-json\/wp\/v2\/categories?post=46021"},{"taxonomy":"post_tag","embeddable":true,"href":"https:\/\/www.renovarpapeles.com\/renta\/wp-json\/wp\/v2\/tags?post=46021"}],"curies":[{"name":"wp","href":"https:\/\/api.w.org\/{rel}","templated":true}]}}