{"id":39176,"date":"2024-05-08T09:21:41","date_gmt":"2024-05-08T09:21:41","guid":{"rendered":"http:\/\/http:\/\/www.blogrenta.com\/renta2012\/?p=39176"},"modified":"2012-10-18T05:52:29","modified_gmt":"2012-10-18T05:52:29","slug":"aeatdeducciones-autonomicas-comunidad-valenciana-irpf-2011","status":"publish","type":"post","link":"https:\/\/www.renovarpapeles.com\/renta\/aeatdeducciones-autonomicas-comunidad-valenciana-irpf-2011\/","title":{"rendered":"Aeatdeducciones Autonomicas Comunidad Valenciana Irpf 2011"},"content":{"rendered":"En la Comunidad Valenciana, al igual que en el resto de Espa\u00f1a, existen una serie de deducciones fiscales aplicables en la declaraci\u00f3n del Impuesto sobre la Renta de las Personas F\u00edsicas (IRPF) del a\u00f1o 2011. Estas deducciones est\u00e1n reguladas de manera auton\u00f3mica por la Generalitat Valenciana y son gestionadas por la Agencia Tributaria de la Comunidad Valenciana (ATC).<\/p><!-- \/wp:post-content --><!-- wp:paragraph --><p>Otra deducci\u00f3n destacable es la deducci\u00f3n por inversi\u00f3n en I+D+i (Investigaci\u00f3n, Desarrollo e Innovaci\u00f3n). Aquellos contribuyentes que hayan realizado gastos en proyectos de investigaci\u00f3n y desarrollo en la Comunidad Valenciana pueden deducirse el 25% de dichas inversiones, con un l\u00edmite m\u00e1ximo de 200.000 euros. Adem\u00e1s, esta deducci\u00f3n se puede elevar hasta el 35% si se trata de proyectos de I+D+i en colaboraci\u00f3n con universidades o instituciones de investigaci\u00f3n.<\/p><!-- \/wp:paragraph --><!-- wp:paragraph --><p>Estas son solo algunas de las deducciones auton\u00f3micas aplicables en el IRPF del a\u00f1o 2011 en la Comunidad Valenciana. Es importante tener en cuenta que cada comunidad aut\u00f3noma puede tener sus propias deducciones, por lo que es recomendable informarse adecuadamente antes de presentar la declaraci\u00f3n de la renta. La ATC cuenta con un servicio de atenci\u00f3n al contribuyente donde se pueden resolver dudas y obtener m\u00e1s informaci\u00f3n sobre estas deducciones.<\/p><!-- \/wp:paragraph -->","protected":false},"excerpt":{"rendered":"<p>En la Comunidad Valenciana, al igual que en el resto de Espa\u00f1a, existen una serie de deducciones fiscales aplicables en la declaraci\u00f3n del Impuesto sobre la Renta de las Personas F\u00edsicas (IRPF) del a\u00f1o 2011. Estas deducciones est\u00e1n reguladas de manera auton\u00f3mica por la Generalitat Valenciana y son gestionadas por la Agencia Tributaria de la&#8230;<\/p>\n","protected":false},"author":2,"featured_media":0,"comment_status":"open","ping_status":"closed","sticky":false,"template":"","format":"standard","meta":{"_kad_post_transparent":"","_kad_post_title":"","_kad_post_layout":"","_kad_post_sidebar_id":"","_kad_post_content_style":"","_kad_post_vertical_padding":"","_kad_post_feature":"","_kad_post_feature_position":"","_kad_post_header":false,"_kad_post_footer":false,"footnotes":""},"categories":[5],"tags":[8],"class_list":["post-39176","post","type-post","status-publish","format-standard","hentry","category-irpf","tag-renta-2012"],"_links":{"self":[{"href":"https:\/\/www.renovarpapeles.com\/renta\/wp-json\/wp\/v2\/posts\/39176","targetHints":{"allow":["GET"]}}],"collection":[{"href":"https:\/\/www.renovarpapeles.com\/renta\/wp-json\/wp\/v2\/posts"}],"about":[{"href":"https:\/\/www.renovarpapeles.com\/renta\/wp-json\/wp\/v2\/types\/post"}],"author":[{"embeddable":true,"href":"https:\/\/www.renovarpapeles.com\/renta\/wp-json\/wp\/v2\/users\/2"}],"replies":[{"embeddable":true,"href":"https:\/\/www.renovarpapeles.com\/renta\/wp-json\/wp\/v2\/comments?post=39176"}],"version-history":[{"count":0,"href":"https:\/\/www.renovarpapeles.com\/renta\/wp-json\/wp\/v2\/posts\/39176\/revisions"}],"wp:attachment":[{"href":"https:\/\/www.renovarpapeles.com\/renta\/wp-json\/wp\/v2\/media?parent=39176"}],"wp:term":[{"taxonomy":"category","embeddable":true,"href":"https:\/\/www.renovarpapeles.com\/renta\/wp-json\/wp\/v2\/categories?post=39176"},{"taxonomy":"post_tag","embeddable":true,"href":"https:\/\/www.renovarpapeles.com\/renta\/wp-json\/wp\/v2\/tags?post=39176"}],"curies":[{"name":"wp","href":"https:\/\/api.w.org\/{rel}","templated":true}]}}