{"id":2903,"date":"2021-06-11T22:39:08","date_gmt":"2013-06-11T20:39:08","guid":{"rendered":"http:\/\/www.blogrenta.com\/?p=2903"},"modified":"2021-06-11T22:39:08","modified_gmt":"2013-06-11T20:39:08","slug":"declaracion-individual-hijos-y-descendientes-menores-de-25-anos-o-discapacitados-que-conviven-con-ellos-contribuyentes","status":"publish","type":"post","link":"https:\/\/www.renovarpapeles.com\/renta\/declaracion-individual-hijos-y-descendientes-menores-de-25-anos-o-discapacitados-que-conviven-con-ellos-contribuyentes\/","title":{"rendered":"Declaraci\u00f3n Individual : Hijos y descendientes menores de 25 a\u00f1os o discapacitados que conviven con el\/los contribuyente\/s"},"content":{"rendered":"<p><strong>La Agencia Estatal de Administraci\u00f3n Tributaria<\/strong>\u00a0(<strong><a href=\"..\/www-aeat-es-pedir-cita-hacienda-por-internet\/\">AEAT<\/a><\/strong>), nos\u00a0 expli<strong>ca \u00a0la Declaraci\u00f3n Individual :\u00a0Hijos y descendientes menores de 25 a\u00f1os o discapacitados que conviven con el\/los contribuyente\/s.<\/strong><\/p>\n<p><strong>Declaraci\u00f3n Individual :Hijos y descendientes menores de 25 a\u00f1os o discapacitados que conviven con el\/los contribuyente\/s<\/strong><\/p>\n<p>a) Los hijos y otros descendientes del declarante (nietos, bisnietos, &#8230;, etc.) en los que concurran todas y cada una de las siguientes circunstancias:<br \/>\n\u2013 Que convivan con el declarante.<br \/>\nEntre otros, se considera que conviven con el declarante los hijos y descendientes que, dependiendo del mismo, est\u00e9n internados en centros<br \/>\nespecializados.<br \/>\n\u2013 Que todav\u00eda no hayan cumplido los 25 a\u00f1os de edad el 31-12-2012, es decir, que hayan nacido en 1988 o en a\u00f1os posteriores, salvo que sean\u00a0personas con discapacidad que tengan acreditado un grado de discapacidad igual o superior al 33 por 100, en cuyo caso se incluir\u00e1n en este\u00a0apartado cualquiera que sea su edad.<br \/>\n\u2013 Que en el ejercicio 2012 no hayan obtenido rentas superiores a 8.000 euros, excluidas las rentas exentas del Impuesto.<br \/>\n\u2013 Que no presenten declaraci\u00f3n del IRPF con rentas superiores a 1.800 euros.<br \/>\n\u0083 Importante: en las declaraciones individuales de contribuyentes no casados o separados legalmente no deber\u00e1n relacionarse los hijos menores de\u00a0edad o mayores incapacitados judicialmente sujetos a patria potestad prorrogada o rehabilitada que, aun cumpliendo los dem\u00e1s requisitos,\u00a0presenten declaraci\u00f3n conjunta formando unidad familiar con el otro progenitor en la que incluyan rentas superiores a 1.800 euros.<br \/>\nb) Las personas vinculadas al declarante por raz\u00f3n de tutela o acogimiento, en los t\u00e9rminos previstos en la legislaci\u00f3n civil, en las que concurran\u00a0todas y cada una de las circunstancias se\u00f1aladas en la letra a) anterior.<\/p>\n<p>Enlace | <a href=\"http:\/\/www.agenciatributaria.es\" target=\"_blank\" rel=\"noopener\"><strong>Declaraci\u00f3n Individual :\u00a0Hijos y descendientes menores de 25 a\u00f1os o discapacitados que conviven con el\/los contribuyente\/s<\/strong><\/a><\/p>\n","protected":false},"excerpt":{"rendered":"<p>La Agencia Estatal de Administraci\u00f3n Tributaria\u00a0(AEAT), nos\u00a0 explica \u00a0la Declaraci\u00f3n Individual :\u00a0Hijos y descendientes menores de 25 a\u00f1os o discapacitados que conviven con el\/los contribuyente\/s. Declaraci\u00f3n Individual :Hijos y descendientes menores de 25 a\u00f1os o discapacitados que conviven con el\/los contribuyente\/s a) Los hijos y otros descendientes del declarante (nietos, bisnietos, &#8230;, etc.) en los&#8230;<\/p>\n","protected":false},"author":2,"featured_media":0,"comment_status":"open","ping_status":"closed","sticky":false,"template":"","format":"standard","meta":{"_kad_post_transparent":"","_kad_post_title":"","_kad_post_layout":"","_kad_post_sidebar_id":"","_kad_post_content_style":"","_kad_post_vertical_padding":"","_kad_post_feature":"","_kad_post_feature_position":"","_kad_post_header":false,"_kad_post_footer":false,"footnotes":""},"categories":[4],"tags":[],"class_list":["post-2903","post","type-post","status-publish","format-standard","hentry","category-pedir-cita"],"_links":{"self":[{"href":"https:\/\/www.renovarpapeles.com\/renta\/wp-json\/wp\/v2\/posts\/2903","targetHints":{"allow":["GET"]}}],"collection":[{"href":"https:\/\/www.renovarpapeles.com\/renta\/wp-json\/wp\/v2\/posts"}],"about":[{"href":"https:\/\/www.renovarpapeles.com\/renta\/wp-json\/wp\/v2\/types\/post"}],"author":[{"embeddable":true,"href":"https:\/\/www.renovarpapeles.com\/renta\/wp-json\/wp\/v2\/users\/2"}],"replies":[{"embeddable":true,"href":"https:\/\/www.renovarpapeles.com\/renta\/wp-json\/wp\/v2\/comments?post=2903"}],"version-history":[{"count":0,"href":"https:\/\/www.renovarpapeles.com\/renta\/wp-json\/wp\/v2\/posts\/2903\/revisions"}],"wp:attachment":[{"href":"https:\/\/www.renovarpapeles.com\/renta\/wp-json\/wp\/v2\/media?parent=2903"}],"wp:term":[{"taxonomy":"category","embeddable":true,"href":"https:\/\/www.renovarpapeles.com\/renta\/wp-json\/wp\/v2\/categories?post=2903"},{"taxonomy":"post_tag","embeddable":true,"href":"https:\/\/www.renovarpapeles.com\/renta\/wp-json\/wp\/v2\/tags?post=2903"}],"curies":[{"name":"wp","href":"https:\/\/api.w.org\/{rel}","templated":true}]}}