{"id":24461,"date":"2024-04-26T23:22:21","date_gmt":"2024-04-26T23:22:21","guid":{"rendered":"http:\/\/http:\/\/www.blogrenta.com\/renta2012\/?p=24461"},"modified":"2012-10-05T09:40:07","modified_gmt":"2012-10-05T09:40:07","slug":"prolongacion-vida-laboral-a-efectos-irpf","status":"publish","type":"post","link":"https:\/\/www.renovarpapeles.com\/renta\/prolongacion-vida-laboral-a-efectos-irpf\/","title":{"rendered":"Prolongacion Vida Laboral a Efectos Irpf"},"content":{"rendered":"La Prolongaci\u00f3n de Vida Laboral a Efectos del IRPF es un programa implementado por el Gobierno de Espa\u00f1a que tiene como objetivo fomentar la permanencia en el mercado laboral de los trabajadores mayores de 65 a\u00f1os y favorecer su jubilaci\u00f3n progresiva. Esta iniciativa se enmarca dentro de las pol\u00edticas de igualdad y envejecimiento activo.<\/p><!-- \/wp:post-content --><!-- wp:paragraph --><p>Esta prolongaci\u00f3n de la vida laboral tiene como efecto directo una reducci\u00f3n progresiva en la cuant\u00eda de la pensi\u00f3n de jubilaci\u00f3n que percibir\u00e1n los trabajadores una vez se retiren definitivamente de la vida laboral. Esto se debe a que, al seguir cotizando, se genera un incremento en su base reguladora de la pensi\u00f3n, lo que se traduce en una mayor cantidad de cotizaci\u00f3n y, por lo tanto, en una pensi\u00f3n m\u00e1s elevada en el futuro.<\/p><!-- \/wp:paragraph --><!-- wp:paragraph --><p>","protected":false},"excerpt":{"rendered":"<p>La Prolongaci\u00f3n de Vida Laboral a Efectos del IRPF es un programa implementado por el Gobierno de Espa\u00f1a que tiene como objetivo fomentar la permanencia en el mercado laboral de los trabajadores mayores de 65 a\u00f1os y favorecer su jubilaci\u00f3n progresiva. Esta iniciativa se enmarca dentro de las pol\u00edticas de igualdad y envejecimiento activo. Esta&#8230;<\/p>\n","protected":false},"author":2,"featured_media":0,"comment_status":"open","ping_status":"closed","sticky":false,"template":"","format":"standard","meta":{"_kad_post_transparent":"","_kad_post_title":"","_kad_post_layout":"","_kad_post_sidebar_id":"","_kad_post_content_style":"","_kad_post_vertical_padding":"","_kad_post_feature":"","_kad_post_feature_position":"","_kad_post_header":false,"_kad_post_footer":false,"footnotes":""},"categories":[5],"tags":[8],"class_list":["post-24461","post","type-post","status-publish","format-standard","hentry","category-irpf","tag-renta-2012"],"_links":{"self":[{"href":"https:\/\/www.renovarpapeles.com\/renta\/wp-json\/wp\/v2\/posts\/24461","targetHints":{"allow":["GET"]}}],"collection":[{"href":"https:\/\/www.renovarpapeles.com\/renta\/wp-json\/wp\/v2\/posts"}],"about":[{"href":"https:\/\/www.renovarpapeles.com\/renta\/wp-json\/wp\/v2\/types\/post"}],"author":[{"embeddable":true,"href":"https:\/\/www.renovarpapeles.com\/renta\/wp-json\/wp\/v2\/users\/2"}],"replies":[{"embeddable":true,"href":"https:\/\/www.renovarpapeles.com\/renta\/wp-json\/wp\/v2\/comments?post=24461"}],"version-history":[{"count":0,"href":"https:\/\/www.renovarpapeles.com\/renta\/wp-json\/wp\/v2\/posts\/24461\/revisions"}],"wp:attachment":[{"href":"https:\/\/www.renovarpapeles.com\/renta\/wp-json\/wp\/v2\/media?parent=24461"}],"wp:term":[{"taxonomy":"category","embeddable":true,"href":"https:\/\/www.renovarpapeles.com\/renta\/wp-json\/wp\/v2\/categories?post=24461"},{"taxonomy":"post_tag","embeddable":true,"href":"https:\/\/www.renovarpapeles.com\/renta\/wp-json\/wp\/v2\/tags?post=24461"}],"curies":[{"name":"wp","href":"https:\/\/api.w.org\/{rel}","templated":true}]}}