{"id":2093,"date":"2021-05-25T16:30:13","date_gmt":"2012-05-25T14:30:13","guid":{"rendered":"http:\/\/www.blogrenta.com\/?p=2093"},"modified":"2021-05-25T16:30:13","modified_gmt":"2012-05-25T14:30:13","slug":"percepcion-de-atrasos-de-rendimientos-del-trabajo-2","status":"publish","type":"post","link":"https:\/\/www.renovarpapeles.com\/renta\/percepcion-de-atrasos-de-rendimientos-del-trabajo-2\/","title":{"rendered":"Percepci\u00f3n de atrasos de rendimientos del trabajo"},"content":{"rendered":"<p><strong>La Agencia Estatal de Administraci\u00f3n Tributaria<\/strong> (<strong><a href=\"..\/www-aeat-es-pedir-cita-hacienda-por-internet\/\">AEAT<\/a><\/strong>), nos explica<strong>\u00a0 la Percepci\u00f3n de atrasos de rendimientos del trabajo, <\/strong>a fin y efecto de actualizar nuestra Declaraci\u00f3n de la Renta del ejercicio 2011.<\/p>\n<p><strong>Percepci\u00f3n de atrasos de rendimientos del trabajo :<\/strong><\/p>\n<p>Deber\u00e1 presentarse autoliquidaci\u00f3n complementaria cuando, por circunstancias justificadas no imputables al contribuyente, los rendimientos derivados del trabajo se perciban en per\u00edodos impositivos distintos a aqu\u00e9llos en que fueron exigibles. Dichas cantidades deber\u00e1n imputarse a los per\u00edodos impositivos en que fueron exigibles, practic\u00e1ndose, en su caso, la correspondiente autoliquidaci\u00f3n complementaria.<\/p>\n<p>Dicha autoliquidaci\u00f3n complementaria, que no comportar\u00e1 sanci\u00f3n ni intereses de demora ni recargo alguno, se presentar\u00e1 en el plazo que media entre la fecha en que se perciban los atrasos y el final del plazo inmediato siguiente de declaraciones por el IRPF.<br \/>\nAs\u00ed, si los atrasos se perciben entre el 1 de enero y el 2 de mayo del a\u00f1o 2012, la autoliquidaci\u00f3n complementaria deber\u00e1 presentarse en dicho a\u00f1o antes de finalizar el plazo de presentaci\u00f3n de declaraciones del ejercicio 2011 (hasta el 2 de julio de 2012), salvo que se trate de atrasos del ejercicio 2011, en cuyo caso se incluir\u00e1n en la propia declaraci\u00f3n de dicho ejercicio.<br \/>\nSi se perciben desde el d\u00eda 3 de mayo de 2012 en adelante, la autoliquidaci\u00f3n complementaria deber\u00e1 presentarse en el plazo existente entre la percepci\u00f3n de los atrasos y el final del plazo de declaraci\u00f3n del ejercicio 2012.<\/p>\n<p>Enlace | <a href=\"http:\/\/www.agenciatributaria.gob.es\" target=\"_blank\" rel=\"noopener\"><strong>Percepci\u00f3n de atrasos de rendimientos del trabajo<\/strong><\/a><\/p>\n<p>&nbsp;<\/p>\n","protected":false},"excerpt":{"rendered":"<p>La Agencia Estatal de Administraci\u00f3n Tributaria (AEAT), nos explica\u00a0 la Percepci\u00f3n de atrasos de rendimientos del trabajo, a fin y efecto de actualizar nuestra Declaraci\u00f3n de la Renta del ejercicio 2011. Percepci\u00f3n de atrasos de rendimientos del trabajo : Deber\u00e1 presentarse autoliquidaci\u00f3n complementaria cuando, por circunstancias justificadas no imputables al contribuyente, los rendimientos derivados del&#8230;<\/p>\n","protected":false},"author":2,"featured_media":0,"comment_status":"open","ping_status":"closed","sticky":false,"template":"","format":"standard","meta":{"_kad_post_transparent":"","_kad_post_title":"","_kad_post_layout":"","_kad_post_sidebar_id":"","_kad_post_content_style":"","_kad_post_vertical_padding":"","_kad_post_feature":"","_kad_post_feature_position":"","_kad_post_header":false,"_kad_post_footer":false,"footnotes":""},"categories":[4],"tags":[],"class_list":["post-2093","post","type-post","status-publish","format-standard","hentry","category-pedir-cita"],"_links":{"self":[{"href":"https:\/\/www.renovarpapeles.com\/renta\/wp-json\/wp\/v2\/posts\/2093","targetHints":{"allow":["GET"]}}],"collection":[{"href":"https:\/\/www.renovarpapeles.com\/renta\/wp-json\/wp\/v2\/posts"}],"about":[{"href":"https:\/\/www.renovarpapeles.com\/renta\/wp-json\/wp\/v2\/types\/post"}],"author":[{"embeddable":true,"href":"https:\/\/www.renovarpapeles.com\/renta\/wp-json\/wp\/v2\/users\/2"}],"replies":[{"embeddable":true,"href":"https:\/\/www.renovarpapeles.com\/renta\/wp-json\/wp\/v2\/comments?post=2093"}],"version-history":[{"count":0,"href":"https:\/\/www.renovarpapeles.com\/renta\/wp-json\/wp\/v2\/posts\/2093\/revisions"}],"wp:attachment":[{"href":"https:\/\/www.renovarpapeles.com\/renta\/wp-json\/wp\/v2\/media?parent=2093"}],"wp:term":[{"taxonomy":"category","embeddable":true,"href":"https:\/\/www.renovarpapeles.com\/renta\/wp-json\/wp\/v2\/categories?post=2093"},{"taxonomy":"post_tag","embeddable":true,"href":"https:\/\/www.renovarpapeles.com\/renta\/wp-json\/wp\/v2\/tags?post=2093"}],"curies":[{"name":"wp","href":"https:\/\/api.w.org\/{rel}","templated":true}]}}