{"id":16504,"date":"2024-04-21T16:52:10","date_gmt":"2024-04-21T16:52:10","guid":{"rendered":"http:\/\/http:\/\/www.blogrenta.com\/renta2012\/?p=16504"},"modified":"2012-10-05T01:36:58","modified_gmt":"2012-10-05T01:36:58","slug":"prolongacion-vida-laboral-irpf","status":"publish","type":"post","link":"https:\/\/www.renovarpapeles.com\/renta\/prolongacion-vida-laboral-irpf\/","title":{"rendered":"Prolongaci\u00f3n Vida Laboral Irpf"},"content":{"rendered":"La prolongaci\u00f3n de la vida laboral del trabajador en Espa\u00f1a puede tener un impacto directo en la forma en que se calcula y se paga el Impuesto sobre la Renta de las Personas F\u00edsicas (IRPF). Esta medida se implement\u00f3 en 2013 como parte de las reformas del sistema de pensiones y su objetivo es alentar a los trabajadores a seguir en activo m\u00e1s all\u00e1 de la edad legal de jubilaci\u00f3n.<\/p><!-- \/wp:post-content --><!-- wp:paragraph --><p>Sin embargo, esta prolongaci\u00f3n de la vida laboral tambi\u00e9n impacta en el c\u00e1lculo del IRPF, ya que el trabajador seguir\u00e1 recibiendo ingresos por su trabajo y, por lo tanto, tendr\u00e1 que pagar impuestos por ellos. Si bien esto puede ser beneficioso para los trabajadores que deseen seguir trabajando, tambi\u00e9n puede tener implicaciones fiscales significativas.<\/p><!-- \/wp:paragraph --><!-- wp:paragraph --><p>En resumen, la prolongaci\u00f3n de la vida laboral puede ser una opci\u00f3n atractiva para aquellos que deseen seguir trabajando y aumentar sus beneficios de jubilaci\u00f3n, pero es importante tener en cuenta las implicaciones fiscales que pueden surgir. Como expertos en IRPF, recomendamos siempre consultar con un asesor fiscal para comprender mejor c\u00f3mo puede afectar a su situaci\u00f3n espec\u00edfica.<\/p><!-- \/wp:paragraph -->","protected":false},"excerpt":{"rendered":"<p>La prolongaci\u00f3n de la vida laboral del trabajador en Espa\u00f1a puede tener un impacto directo en la forma en que se calcula y se paga el Impuesto sobre la Renta de las Personas F\u00edsicas (IRPF). Esta medida se implement\u00f3 en 2013 como parte de las reformas del sistema de pensiones y su objetivo es alentar&#8230;<\/p>\n","protected":false},"author":2,"featured_media":0,"comment_status":"open","ping_status":"closed","sticky":false,"template":"","format":"standard","meta":{"_kad_post_transparent":"","_kad_post_title":"","_kad_post_layout":"","_kad_post_sidebar_id":"","_kad_post_content_style":"","_kad_post_vertical_padding":"","_kad_post_feature":"","_kad_post_feature_position":"","_kad_post_header":false,"_kad_post_footer":false,"footnotes":""},"categories":[5],"tags":[8],"class_list":["post-16504","post","type-post","status-publish","format-standard","hentry","category-irpf","tag-renta-2012"],"_links":{"self":[{"href":"https:\/\/www.renovarpapeles.com\/renta\/wp-json\/wp\/v2\/posts\/16504","targetHints":{"allow":["GET"]}}],"collection":[{"href":"https:\/\/www.renovarpapeles.com\/renta\/wp-json\/wp\/v2\/posts"}],"about":[{"href":"https:\/\/www.renovarpapeles.com\/renta\/wp-json\/wp\/v2\/types\/post"}],"author":[{"embeddable":true,"href":"https:\/\/www.renovarpapeles.com\/renta\/wp-json\/wp\/v2\/users\/2"}],"replies":[{"embeddable":true,"href":"https:\/\/www.renovarpapeles.com\/renta\/wp-json\/wp\/v2\/comments?post=16504"}],"version-history":[{"count":0,"href":"https:\/\/www.renovarpapeles.com\/renta\/wp-json\/wp\/v2\/posts\/16504\/revisions"}],"wp:attachment":[{"href":"https:\/\/www.renovarpapeles.com\/renta\/wp-json\/wp\/v2\/media?parent=16504"}],"wp:term":[{"taxonomy":"category","embeddable":true,"href":"https:\/\/www.renovarpapeles.com\/renta\/wp-json\/wp\/v2\/categories?post=16504"},{"taxonomy":"post_tag","embeddable":true,"href":"https:\/\/www.renovarpapeles.com\/renta\/wp-json\/wp\/v2\/tags?post=16504"}],"curies":[{"name":"wp","href":"https:\/\/api.w.org\/{rel}","templated":true}]}}